{"id":45977,"date":"2022-06-01T21:38:39","date_gmt":"2022-06-02T02:38:39","guid":{"rendered":"https:\/\/interaccionnoticias.com.mx\/?p=45977"},"modified":"2022-06-01T21:38:44","modified_gmt":"2022-06-02T02:38:44","slug":"hay-relevo-en-la-junta-local-del-ine-guerrero-llega-donaciano-munoz","status":"publish","type":"post","link":"https:\/\/www.interaccionnoticias.com.mx\/?p=45977","title":{"rendered":"Hay relevo en la Junta local del INE-Guerrero, llega Donaciano Mu\u00f1oz"},"content":{"rendered":"\n<p><strong><em>&#8212; Dagoberto Santos Trigo ahora estar\u00e1 a cargo de la Junta local de Morelos<\/em><\/strong><\/p>\n\n\n\n<p><strong>Rosario Garc\u00eda<\/strong><\/p>\n\n\n\n<p>El maestro en econom\u00eda, Donaciano Mu\u00f1oz Loyola fue presentado como nuevo vocal ejecutivo de la Junta local del Instituto Nacional Electoral (INE), su antecesor en el cargo, Dagoberto Santos Trigo estar\u00e1 al frente de los trabajos del \u00f3rgano electoral en el estado de Morelos.<br><br>Dagoberto Santos concluy\u00f3 su per\u00edodo el 31 de mayo pasado, por lo que se anota que el relevo de mandos es parte de los movimientos que de manera periodica se realizan en el INE.<br><br>El nuevo vocal Ejecutivo del INE Guerrero es Licenciado en Econom\u00eda, tiene una Maestr\u00eda en Procesos e Instituciones Electorales, ingres\u00f3 al \u00f3rgano electoral cuando era Instituto Federal, en 2001, su primer cargo lo desempe\u00f1\u00f3 como vocal de Organizaci\u00f3n Electoral en la 18 Junta Distrital Ejecutiva, del entonces Distrito Federal, ahora Ciudad de M\u00e9xico.<br><br>En 2008 fue designado titular en la Junta Distrital 05 de la capital del pa\u00eds, a partir del primero de mayo de 2011 ocup\u00f3 el cargo de vocal ejecutivo de Junta Local Ejecutiva en Baja California y para el 16 de agosto de 2016 se erigi\u00f3 como vocal ejecutivo en la Ciudad de M\u00e9xico.<br><br>Indic\u00f3 que entre los retos inmediatos a los que se enfrentar\u00e1, se encuentra el trabajo de redistritaci\u00f3n, ya que Guerrero sufrir\u00e1 la p\u00e9rdida de un distrito electoral federal, por lo que de 9 pasar\u00e1 a tener solo ocho espacios de representaci\u00f3n, por la v\u00eda de la mayor\u00eda relativa en la C\u00e1mara baja.<\/p>\n","protected":false},"excerpt":{"rendered":"<p>&#8212; Dagoberto Santos Trigo ahora estar\u00e1 a cargo de la Junta local de Morelos Rosario Garc\u00eda El maestro en econom\u00eda, Donaciano Mu\u00f1oz Loyola fue presentado como nuevo vocal ejecutivo de&hellip; <\/p>\n","protected":false},"author":14,"featured_media":45940,"comment_status":"open","ping_status":"open","sticky":false,"template":"","format":"standard","meta":{"fifu_image_url":"","fifu_image_alt":"","footnotes":""},"categories":[17],"tags":[],"class_list":["post-45977","post","type-post","status-publish","format-standard","has-post-thumbnail","hentry","category-organos-electorales"],"_links":{"self":[{"href":"https:\/\/www.interaccionnoticias.com.mx\/index.php?rest_route=\/wp\/v2\/posts\/45977","targetHints":{"allow":["GET"]}}],"collection":[{"href":"https:\/\/www.interaccionnoticias.com.mx\/index.php?rest_route=\/wp\/v2\/posts"}],"about":[{"href":"https:\/\/www.interaccionnoticias.com.mx\/index.php?rest_route=\/wp\/v2\/types\/post"}],"author":[{"embeddable":true,"href":"https:\/\/www.interaccionnoticias.com.mx\/index.php?rest_route=\/wp\/v2\/users\/14"}],"replies":[{"embeddable":true,"href":"https:\/\/www.interaccionnoticias.com.mx\/index.php?rest_route=%2Fwp%2Fv2%2Fcomments&post=45977"}],"version-history":[{"count":1,"href":"https:\/\/www.interaccionnoticias.com.mx\/index.php?rest_route=\/wp\/v2\/posts\/45977\/revisions"}],"predecessor-version":[{"id":45978,"href":"https:\/\/www.interaccionnoticias.com.mx\/index.php?rest_route=\/wp\/v2\/posts\/45977\/revisions\/45978"}],"wp:featuredmedia":[{"embeddable":true,"href":"https:\/\/www.interaccionnoticias.com.mx\/index.php?rest_route=\/wp\/v2\/media\/45940"}],"wp:attachment":[{"href":"https:\/\/www.interaccionnoticias.com.mx\/index.php?rest_route=%2Fwp%2Fv2%2Fmedia&parent=45977"}],"wp:term":[{"taxonomy":"category","embeddable":true,"href":"https:\/\/www.interaccionnoticias.com.mx\/index.php?rest_route=%2Fwp%2Fv2%2Fcategories&post=45977"},{"taxonomy":"post_tag","embeddable":true,"href":"https:\/\/www.interaccionnoticias.com.mx\/index.php?rest_route=%2Fwp%2Fv2%2Ftags&post=45977"}],"curies":[{"name":"wp","href":"https:\/\/api.w.org\/{rel}","templated":true}]}}