{"id":45973,"date":"2022-06-01T21:35:09","date_gmt":"2022-06-02T02:35:09","guid":{"rendered":"https:\/\/interaccionnoticias.com.mx\/?p=45973"},"modified":"2022-06-01T21:35:09","modified_gmt":"2022-06-02T02:35:09","slug":"buscan-reanudar-el-dialogo-entre-pueblos-que-se-disputan-territorio-en-los-limites-de-guerrero-y-oaxaca","status":"publish","type":"post","link":"https:\/\/www.interaccionnoticias.com.mx\/?p=45973","title":{"rendered":"Buscan reanudar el dialogo entre pueblos que se disputan territorio en los l\u00edmites de Guerrero y Oaxaca"},"content":{"rendered":"\n<p><strong><em>&#8212; Hay un dialogo inicial entre representantes de Jicay\u00e1n de Tovar, Guerrero y Jicaral, perteneciente a Coicoy\u00e1n de las Flores, Oaxaca<br>&#8212; La disputa por los linderos es de m\u00e1s de 50 a\u00f1os<\/em><\/strong><\/p>\n\n\n\n<p><strong>Rogelio Agust\u00edn<\/strong><\/p>\n\n\n\n<p><strong>Chilpancingo, Gro., 01 de junio de 2022.-<\/strong> La subsecretar\u00eda para Asuntos Agrarios, cuyo titular es Daniel Cahua L\u00f3pez se reuni\u00f3 con representantes de Jicay\u00e1n de Tovar, municipio de Tlacoachistlahuaca, para buscar un acuerdo quepermita resolver la pugna por l\u00edmites territoriales que mantienen con sus vecinos de Jicaral, anexo de Santiago Tilapa, municipio de Coicoy\u00e1n de las Flores, perteneciente al estado de Oaxaca.<\/p>\n\n\n\n<p>Este mi\u00e9rcoles se desarroll\u00f3 una reuni\u00f3n de trabajo en la sala Emperador Cuauht\u00e9moc de la Secretar\u00eda General de Gobierno, donde Cahua L\u00f3pez hizo un llamado a los representantes de Jicay\u00e1n de Tovar a mantener la armon\u00eda y la paz con la localidad vecina.<\/p>\n\n\n\n<p>Les dijo que el di\u00e1logo es la v\u00eda corrcta para la resoluci\u00f3n de los conflictos.<\/p>\n\n\n\n<p>Los representantes de los Bienes Comunales de Jicay\u00e1n de Tovar, manifestaron que ante la problem\u00e1tica que ha prevalecido durante muchos a\u00f1os, pondr\u00e1n a consideraci\u00f3n de la Asamblea general la propuesta de restablecer el di\u00e1logo con vecinos de Jicaral.<\/p>\n\n\n\n<p>Se tiene como fecha tentativa el proximo domingo 5 de junio, luego dar\u00e1n a conocer los resultados a los integrantes de la Mesa Agraria, para dar el seguimiento correspondiente.<\/p>\n\n\n\n<p>En la reuni\u00f3n particip\u00f3 Natividad Bladimir Salas Cadenas, quien es subdelegado Jur\u00eddico de SEDATU; Juan Carlos Barrios Curti, delegado de Gobernaci\u00f3n federal en Guerrero y Roberto Olivares Pita, representantes del R.A.N., Procuradur\u00eda Agraria y FIFONAFE.<\/p>\n\n\n\n<figure class=\"wp-block-gallery columns-2 is-cropped wp-block-gallery-1 is-layout-flex wp-block-gallery-is-layout-flex\"><ul class=\"blocks-gallery-grid\"><li class=\"blocks-gallery-item\"><figure><img decoding=\"async\" src=\"data:image\/gif;base64,R0lGODlhAQABAIAAAAAAAP\/\/\/ywAAAAAAQABAAACAUwAOw==\" fifu-lazy=\"1\" fifu-data-sizes=\"auto\" fifu-data-srcset=\"https:\/\/i1.wp.com\/interaccionnoticias.com.mx\/wp-content\/uploads\/2022\/06\/220601-Guerrero-y-Oaxaca-1024x683.jpg?ssl=1&w=75&resize=75&ssl=1 75w, https:\/\/i1.wp.com\/interaccionnoticias.com.mx\/wp-content\/uploads\/2022\/06\/220601-Guerrero-y-Oaxaca-1024x683.jpg?ssl=1&w=100&resize=100&ssl=1 100w, https:\/\/i1.wp.com\/interaccionnoticias.com.mx\/wp-content\/uploads\/2022\/06\/220601-Guerrero-y-Oaxaca-1024x683.jpg?ssl=1&w=150&resize=150&ssl=1 150w, https:\/\/i1.wp.com\/interaccionnoticias.com.mx\/wp-content\/uploads\/2022\/06\/220601-Guerrero-y-Oaxaca-1024x683.jpg?ssl=1&w=240&resize=240&ssl=1 240w, https:\/\/i1.wp.com\/interaccionnoticias.com.mx\/wp-content\/uploads\/2022\/06\/220601-Guerrero-y-Oaxaca-1024x683.jpg?ssl=1&w=320&resize=320&ssl=1 320w, https:\/\/i1.wp.com\/interaccionnoticias.com.mx\/wp-content\/uploads\/2022\/06\/220601-Guerrero-y-Oaxaca-1024x683.jpg?ssl=1&w=500&resize=500&ssl=1 500w, https:\/\/i1.wp.com\/interaccionnoticias.com.mx\/wp-content\/uploads\/2022\/06\/220601-Guerrero-y-Oaxaca-1024x683.jpg?ssl=1&w=640&resize=640&ssl=1 640w, https:\/\/i1.wp.com\/interaccionnoticias.com.mx\/wp-content\/uploads\/2022\/06\/220601-Guerrero-y-Oaxaca-1024x683.jpg?ssl=1&w=800&resize=800&ssl=1 800w, https:\/\/i1.wp.com\/interaccionnoticias.com.mx\/wp-content\/uploads\/2022\/06\/220601-Guerrero-y-Oaxaca-1024x683.jpg?ssl=1&w=1024&resize=1024&ssl=1 1024w, https:\/\/i1.wp.com\/interaccionnoticias.com.mx\/wp-content\/uploads\/2022\/06\/220601-Guerrero-y-Oaxaca-1024x683.jpg?ssl=1&w=1280&resize=1280&ssl=1 1280w, https:\/\/i1.wp.com\/interaccionnoticias.com.mx\/wp-content\/uploads\/2022\/06\/220601-Guerrero-y-Oaxaca-1024x683.jpg?ssl=1&w=1600&resize=1600&ssl=1 1600w\" fifu-data-src=\"https:\/\/i1.wp.com\/interaccionnoticias.com.mx\/wp-content\/uploads\/2022\/06\/220601-Guerrero-y-Oaxaca-1024x683.jpg?ssl=1\" alt=\"\" data-id=\"45975\" data-full-url=\"https:\/\/interaccionnoticias.com.mx\/wp-content\/uploads\/2022\/06\/220601-Guerrero-y-Oaxaca.jpg\" data-link=\"https:\/\/interaccionnoticias.com.mx\/?attachment_id=45975\" class=\"wp-image-45975\"\/><\/figure><\/li><li class=\"blocks-gallery-item\"><figure><img decoding=\"async\" src=\"data:image\/gif;base64,R0lGODlhAQABAIAAAAAAAP\/\/\/ywAAAAAAQABAAACAUwAOw==\" fifu-lazy=\"1\" fifu-data-sizes=\"auto\" fifu-data-srcset=\"https:\/\/i1.wp.com\/interaccionnoticias.com.mx\/wp-content\/uploads\/2022\/06\/220601-Guerrero-y-Oaxaca-2-1024x683.jpg?ssl=1&w=75&resize=75&ssl=1 75w, https:\/\/i1.wp.com\/interaccionnoticias.com.mx\/wp-content\/uploads\/2022\/06\/220601-Guerrero-y-Oaxaca-2-1024x683.jpg?ssl=1&w=100&resize=100&ssl=1 100w, https:\/\/i1.wp.com\/interaccionnoticias.com.mx\/wp-content\/uploads\/2022\/06\/220601-Guerrero-y-Oaxaca-2-1024x683.jpg?ssl=1&w=150&resize=150&ssl=1 150w, https:\/\/i1.wp.com\/interaccionnoticias.com.mx\/wp-content\/uploads\/2022\/06\/220601-Guerrero-y-Oaxaca-2-1024x683.jpg?ssl=1&w=240&resize=240&ssl=1 240w, https:\/\/i1.wp.com\/interaccionnoticias.com.mx\/wp-content\/uploads\/2022\/06\/220601-Guerrero-y-Oaxaca-2-1024x683.jpg?ssl=1&w=320&resize=320&ssl=1 320w, https:\/\/i1.wp.com\/interaccionnoticias.com.mx\/wp-content\/uploads\/2022\/06\/220601-Guerrero-y-Oaxaca-2-1024x683.jpg?ssl=1&w=500&resize=500&ssl=1 500w, https:\/\/i1.wp.com\/interaccionnoticias.com.mx\/wp-content\/uploads\/2022\/06\/220601-Guerrero-y-Oaxaca-2-1024x683.jpg?ssl=1&w=640&resize=640&ssl=1 640w, https:\/\/i1.wp.com\/interaccionnoticias.com.mx\/wp-content\/uploads\/2022\/06\/220601-Guerrero-y-Oaxaca-2-1024x683.jpg?ssl=1&w=800&resize=800&ssl=1 800w, https:\/\/i1.wp.com\/interaccionnoticias.com.mx\/wp-content\/uploads\/2022\/06\/220601-Guerrero-y-Oaxaca-2-1024x683.jpg?ssl=1&w=1024&resize=1024&ssl=1 1024w, https:\/\/i1.wp.com\/interaccionnoticias.com.mx\/wp-content\/uploads\/2022\/06\/220601-Guerrero-y-Oaxaca-2-1024x683.jpg?ssl=1&w=1280&resize=1280&ssl=1 1280w, https:\/\/i1.wp.com\/interaccionnoticias.com.mx\/wp-content\/uploads\/2022\/06\/220601-Guerrero-y-Oaxaca-2-1024x683.jpg?ssl=1&w=1600&resize=1600&ssl=1 1600w\" fifu-data-src=\"https:\/\/i1.wp.com\/interaccionnoticias.com.mx\/wp-content\/uploads\/2022\/06\/220601-Guerrero-y-Oaxaca-2-1024x683.jpg?ssl=1\" alt=\"\" data-id=\"45974\" data-full-url=\"https:\/\/interaccionnoticias.com.mx\/wp-content\/uploads\/2022\/06\/220601-Guerrero-y-Oaxaca-2.jpg\" data-link=\"https:\/\/interaccionnoticias.com.mx\/?attachment_id=45974\" class=\"wp-image-45974\"\/><\/figure><\/li><\/ul><\/figure>\n","protected":false},"excerpt":{"rendered":"<p>&#8212; Hay un dialogo inicial entre representantes de Jicay\u00e1n de Tovar, Guerrero y Jicaral, perteneciente a Coicoy\u00e1n de las Flores, Oaxaca&#8212; La disputa por los linderos es de m\u00e1s de&hellip; <\/p>\n","protected":false},"author":21,"featured_media":45974,"comment_status":"open","ping_status":"open","sticky":false,"template":"","format":"standard","meta":{"fifu_image_url":"","fifu_image_alt":"","footnotes":""},"categories":[23],"tags":[],"class_list":["post-45973","post","type-post","status-publish","format-standard","has-post-thumbnail","hentry","category-regionales"],"_links":{"self":[{"href":"https:\/\/www.interaccionnoticias.com.mx\/index.php?rest_route=\/wp\/v2\/posts\/45973","targetHints":{"allow":["GET"]}}],"collection":[{"href":"https:\/\/www.interaccionnoticias.com.mx\/index.php?rest_route=\/wp\/v2\/posts"}],"about":[{"href":"https:\/\/www.interaccionnoticias.com.mx\/index.php?rest_route=\/wp\/v2\/types\/post"}],"author":[{"embeddable":true,"href":"https:\/\/www.interaccionnoticias.com.mx\/index.php?rest_route=\/wp\/v2\/users\/21"}],"replies":[{"embeddable":true,"href":"https:\/\/www.interaccionnoticias.com.mx\/index.php?rest_route=%2Fwp%2Fv2%2Fcomments&post=45973"}],"version-history":[{"count":1,"href":"https:\/\/www.interaccionnoticias.com.mx\/index.php?rest_route=\/wp\/v2\/posts\/45973\/revisions"}],"predecessor-version":[{"id":45976,"href":"https:\/\/www.interaccionnoticias.com.mx\/index.php?rest_route=\/wp\/v2\/posts\/45973\/revisions\/45976"}],"wp:featuredmedia":[{"embeddable":true,"href":"https:\/\/www.interaccionnoticias.com.mx\/index.php?rest_route=\/wp\/v2\/media\/45974"}],"wp:attachment":[{"href":"https:\/\/www.interaccionnoticias.com.mx\/index.php?rest_route=%2Fwp%2Fv2%2Fmedia&parent=45973"}],"wp:term":[{"taxonomy":"category","embeddable":true,"href":"https:\/\/www.interaccionnoticias.com.mx\/index.php?rest_route=%2Fwp%2Fv2%2Fcategories&post=45973"},{"taxonomy":"post_tag","embeddable":true,"href":"https:\/\/www.interaccionnoticias.com.mx\/index.php?rest_route=%2Fwp%2Fv2%2Ftags&post=45973"}],"curies":[{"name":"wp","href":"https:\/\/api.w.org\/{rel}","templated":true}]}}