{"id":45837,"date":"2022-05-30T11:43:24","date_gmt":"2022-05-30T16:43:24","guid":{"rendered":"https:\/\/interaccionnoticias.com.mx\/?p=45837"},"modified":"2022-05-30T11:43:29","modified_gmt":"2022-05-30T16:43:29","slug":"la-secretaria-de-salud-llama-a-los-guerrerenses-a-no-bajar-la-guardia-porque-la-pandemia-de-covid-aun-esta-vigente","status":"publish","type":"post","link":"https:\/\/www.interaccionnoticias.com.mx\/?p=45837","title":{"rendered":"La Secretar\u00eda de Salud llama a los guerrerenses a no bajar la guardia porque la pandemia de Covid a\u00fan est\u00e1 vigente"},"content":{"rendered":"\n<p>&#8212; El estado de Guerrero inicia la semana sin nuevos contagios ni defunciones<br>&#8212; La ocupaci\u00f3n de camas Covid en los hospitales es del 1 por ciento<\/p>\n\n\n\n<p>Chilpancingo, Gro., 30 de mayo de 2022.- La Secretar\u00eda de Salud inform\u00f3 que Guerrero se mantiene en color verde del sem\u00e1foro de riesgo epidemiol\u00f3gico con 29 casos activos de Covid-19, sin registro de nuevos contagios ni defunciones en las \u00faltimas 24 horas, y llam\u00f3 a la poblaci\u00f3n a no confiarse y no bajar la guardia porque la pandemia a\u00fan est\u00e1 vigente.<\/p>\n\n\n\n<p>A\u00f1adi\u00f3 que de acuerdo al informe \u201cCovid-19 Guerrero\u201d, desde el inicio de la pandemia, se acumulan 98,382 casos confirmados y 6,768 defunciones en la entidad por esta causa, y que los 29 casos activos se ubican en los municipios de Acapulco, con 14, Taxco, 12; Chilapa, 2, y Chilpancingo y La Uni\u00f3n con 1 cada uno.<\/p>\n\n\n\n<p>Tras destacar que no hubo registro de defunciones en las \u00faltimas 24 horas, y que la ocupaci\u00f3n de camas para la atenci\u00f3n de pacientes de Covid-19 en los distintos centros hospitalarios del estado es del 1 por ciento, la Secretaria de Salud continu\u00f3 llamando a la poblaci\u00f3n a mantener las medidas de prevenci\u00f3n pertinentes para evitar nuevos contagios.<\/p>\n","protected":false},"excerpt":{"rendered":"<p>&#8212; El estado de Guerrero inicia la semana sin nuevos contagios ni defunciones&#8212; La ocupaci\u00f3n de camas Covid en los hospitales es del 1 por ciento Chilpancingo, Gro., 30 de&hellip; <\/p>\n","protected":false},"author":19,"featured_media":45838,"comment_status":"open","ping_status":"open","sticky":false,"template":"","format":"standard","meta":{"fifu_image_url":"","fifu_image_alt":"","footnotes":""},"categories":[3],"tags":[],"class_list":["post-45837","post","type-post","status-publish","format-standard","has-post-thumbnail","hentry","category-covid-19"],"_links":{"self":[{"href":"https:\/\/www.interaccionnoticias.com.mx\/index.php?rest_route=\/wp\/v2\/posts\/45837","targetHints":{"allow":["GET"]}}],"collection":[{"href":"https:\/\/www.interaccionnoticias.com.mx\/index.php?rest_route=\/wp\/v2\/posts"}],"about":[{"href":"https:\/\/www.interaccionnoticias.com.mx\/index.php?rest_route=\/wp\/v2\/types\/post"}],"author":[{"embeddable":true,"href":"https:\/\/www.interaccionnoticias.com.mx\/index.php?rest_route=\/wp\/v2\/users\/19"}],"replies":[{"embeddable":true,"href":"https:\/\/www.interaccionnoticias.com.mx\/index.php?rest_route=%2Fwp%2Fv2%2Fcomments&post=45837"}],"version-history":[{"count":1,"href":"https:\/\/www.interaccionnoticias.com.mx\/index.php?rest_route=\/wp\/v2\/posts\/45837\/revisions"}],"predecessor-version":[{"id":45839,"href":"https:\/\/www.interaccionnoticias.com.mx\/index.php?rest_route=\/wp\/v2\/posts\/45837\/revisions\/45839"}],"wp:featuredmedia":[{"embeddable":true,"href":"https:\/\/www.interaccionnoticias.com.mx\/index.php?rest_route=\/wp\/v2\/media\/45838"}],"wp:attachment":[{"href":"https:\/\/www.interaccionnoticias.com.mx\/index.php?rest_route=%2Fwp%2Fv2%2Fmedia&parent=45837"}],"wp:term":[{"taxonomy":"category","embeddable":true,"href":"https:\/\/www.interaccionnoticias.com.mx\/index.php?rest_route=%2Fwp%2Fv2%2Fcategories&post=45837"},{"taxonomy":"post_tag","embeddable":true,"href":"https:\/\/www.interaccionnoticias.com.mx\/index.php?rest_route=%2Fwp%2Fv2%2Ftags&post=45837"}],"curies":[{"name":"wp","href":"https:\/\/api.w.org\/{rel}","templated":true}]}}