{"id":45828,"date":"2022-05-30T11:08:49","date_gmt":"2022-05-30T16:08:49","guid":{"rendered":"https:\/\/interaccionnoticias.com.mx\/?p=45828"},"modified":"2022-05-30T11:08:54","modified_gmt":"2022-05-30T16:08:54","slug":"jovenes-ajedrecistas-de-chilpancingo-solicitan-apoyo-para-ir-a-torneo-nacional","status":"publish","type":"post","link":"https:\/\/www.interaccionnoticias.com.mx\/?p=45828","title":{"rendered":"J\u00f3venes ajedrecistas de Chilpancingo solicitan apoyo para ir a torneo nacional"},"content":{"rendered":"\n<p><strong><em>&#8212; Ser\u00e1 en Baja California<br>&#8212; Solo cuentan con dos d\u00edas para obtener los recursos<\/em><\/strong><\/p>\n\n\n\n<p><strong>Jes\u00fas Dorantes<\/strong><\/p>\n\n\n\n<p><strong>Chilpancingo, Gro.-<\/strong> Los campeones de ajedrez originarios de Chilpancingo; Valeria Cort\u00e9s Rend\u00f3n y Miguel Arturo Silva, de 14 y 13 a\u00f1os, viajar\u00e1n el 1 de junio hasta Baja California Sur para representar a Guerrero, sin el respaldo econ\u00f3mico suficiente.<br><br>Ambos adolescentes tienen varios torneos ganados a nivel nacional e internacional, pero por parte de las autoridades para realizar dicho viaje.<\/p>\n\n\n\n<p>Hasta el lunes 30 de mayo, Valeria Cort\u00e9s, estudiante de secundaria del colegio \u00abLos A\u00f1os Maravillosos\u00bb, dijo que solo hab\u00edan tenido respuesta de dos diputados, de los 46 a los que se entreg\u00f3 una solicitud de apoyo econ\u00f3mico.<\/p>\n\n\n\n<p>Ambos competidores esperan la respuesta de la alcaldesa de Chilpancingo, Norma Otilia Hern\u00e1ndez Mart\u00ednez, ya que cuentan con menos de 48 horas para juntar el dinero necesario para viajar, adem\u00e1s de pagar los gastos de comida de una semana que permanecer\u00e1n en el estado de Baja California.<\/p>\n\n\n\n<p>La joven capitalina, que se ha medido contra ajedrecistas de Canad\u00e1, Estados Unidos y la India, destac\u00f3 que el ajedrez es una disciplina que demanda una gran preparaci\u00f3n y que es poco apoyado, por lo que sus padres, de manera recurente buscan torneos y recursos que les permitan mantener su nivel como competidores.<\/p>\n\n\n\n<p>El m\u00e1s joven de los dos estudiantes, Miguel Arturo Silva asegur\u00f3 que se encuentra orgulloso de representar a su estado y al municipio d\u00f3nde naci\u00f3, por lo que hizo un llamado la sociedad para que apoyen el deporte del ajedrez y \u00e9l contin\u00fae inmersonen lo que m\u00e1s le apasiona.<\/p>\n\n\n\n<p>A pregunta expresa de cual fue el motivo para decidir jugar ajedrez y competir a un nivel m\u00e1s alto, el joven de la secundaria Jos\u00e9 Agust\u00edn Ram\u00edrez destac\u00f3 que no contaba con una explicaci\u00f3n concreta, pero s\u00f3lo sab\u00eda que desde que conoci\u00f3 el deporte se enamoro del ajedrez.<\/p>\n\n\n\n<p>Ante la falta de recursos, los dos representantes de Chilpancingo continuar\u00e1n tocando puertas con el poco tiempo que les queda, en espera de poder llegar a una competici\u00f3n m\u00e1s.<\/p>\n","protected":false},"excerpt":{"rendered":"<p>&#8212; Ser\u00e1 en Baja California&#8212; Solo cuentan con dos d\u00edas para obtener los recursos Jes\u00fas Dorantes Chilpancingo, Gro.- Los campeones de ajedrez originarios de Chilpancingo; Valeria Cort\u00e9s Rend\u00f3n y Miguel&hellip; <\/p>\n","protected":false},"author":8,"featured_media":45829,"comment_status":"open","ping_status":"open","sticky":false,"template":"","format":"standard","meta":{"fifu_image_url":"","fifu_image_alt":"","footnotes":""},"categories":[13],"tags":[],"class_list":["post-45828","post","type-post","status-publish","format-standard","has-post-thumbnail","hentry","category-capital"],"_links":{"self":[{"href":"https:\/\/www.interaccionnoticias.com.mx\/index.php?rest_route=\/wp\/v2\/posts\/45828","targetHints":{"allow":["GET"]}}],"collection":[{"href":"https:\/\/www.interaccionnoticias.com.mx\/index.php?rest_route=\/wp\/v2\/posts"}],"about":[{"href":"https:\/\/www.interaccionnoticias.com.mx\/index.php?rest_route=\/wp\/v2\/types\/post"}],"author":[{"embeddable":true,"href":"https:\/\/www.interaccionnoticias.com.mx\/index.php?rest_route=\/wp\/v2\/users\/8"}],"replies":[{"embeddable":true,"href":"https:\/\/www.interaccionnoticias.com.mx\/index.php?rest_route=%2Fwp%2Fv2%2Fcomments&post=45828"}],"version-history":[{"count":1,"href":"https:\/\/www.interaccionnoticias.com.mx\/index.php?rest_route=\/wp\/v2\/posts\/45828\/revisions"}],"predecessor-version":[{"id":45830,"href":"https:\/\/www.interaccionnoticias.com.mx\/index.php?rest_route=\/wp\/v2\/posts\/45828\/revisions\/45830"}],"wp:featuredmedia":[{"embeddable":true,"href":"https:\/\/www.interaccionnoticias.com.mx\/index.php?rest_route=\/wp\/v2\/media\/45829"}],"wp:attachment":[{"href":"https:\/\/www.interaccionnoticias.com.mx\/index.php?rest_route=%2Fwp%2Fv2%2Fmedia&parent=45828"}],"wp:term":[{"taxonomy":"category","embeddable":true,"href":"https:\/\/www.interaccionnoticias.com.mx\/index.php?rest_route=%2Fwp%2Fv2%2Fcategories&post=45828"},{"taxonomy":"post_tag","embeddable":true,"href":"https:\/\/www.interaccionnoticias.com.mx\/index.php?rest_route=%2Fwp%2Fv2%2Ftags&post=45828"}],"curies":[{"name":"wp","href":"https:\/\/api.w.org\/{rel}","templated":true}]}}