{"id":45825,"date":"2022-05-30T11:05:50","date_gmt":"2022-05-30T16:05:50","guid":{"rendered":"https:\/\/interaccionnoticias.com.mx\/?p=45825"},"modified":"2022-05-30T11:05:55","modified_gmt":"2022-05-30T16:05:55","slug":"guardia-nacional-y-policias-buscan-a-indigena-detenido-por-la-policia-comunitaria-de-rincon-de-chautla","status":"publish","type":"post","link":"https:\/\/www.interaccionnoticias.com.mx\/?p=45825","title":{"rendered":"Guardia Nacional y polic\u00edas buscan a ind\u00edgena detenido por la Polic\u00eda Comunitaria de Rinc\u00f3n de Chautla"},"content":{"rendered":"\n<p><strong><em>&#8212; Jos\u00e9 Abundio Bola\u00f1os est\u00e1 desaparecido desde la tarde del domingo 29 de mayo<\/em><\/strong><\/p>\n\n\n\n<p><strong>Rogelio Agust\u00edn<\/strong><\/p>\n\n\n\n<p>Elementos de la Guardia Nacional (GN) y de la Polic\u00eda del Estado iniciaron los trabajos de b\u00fasqueda de Jos\u00e9 Abundio Bola\u00f1os Calvario, integrante del Frente de Defensa Popular (FDP) que fue privado de la libertad la jornada del domingo por supuestos integrantes de la Polic\u00eda Comunitaria de Rinc\u00f3n de Chautla.<br><br>Clemencia Guevara Tejedor, dirigente del FDP confirm\u00f3 la b\u00fasqueda de su compa\u00f1ero de organizaci\u00f3n, aunque refiri\u00f3 que hasta la ma\u00f1ana del lunes 30 de mayo, no se ten\u00eda ninguna informaci\u00f3n sobre su paradero.<br><br>Dijo que ya hay personal de la GN, la Polic\u00eda del Estado y miembros del FDP que participan en la b\u00fasqueda, aunque sostuvo que la versi\u00f3n m\u00e1s consistente del hecho, es que Bola\u00f1os Calvario haya sido llevado a la comandancia de la Polic\u00eda Comunitaria de Rinc\u00f3n de Chautla, perteneciente a Chilapa de \u00c1lvarez.<br><br>El integrante del CDP es vecino de la comunidad de San Jer\u00f3nimo Palantla, comunidad que ha sido atacada en diferentes momentos por supuestos integrantes de la Polic\u00eda Comunitaria fracci\u00f3n Pueblos Fundadores (CRAC-PF), a la que no se han querido unir para evitar conflictos con otros pueblos de la Monta\u00f1a Baja.<\/p>\n","protected":false},"excerpt":{"rendered":"<p>&#8212; Jos\u00e9 Abundio Bola\u00f1os est\u00e1 desaparecido desde la tarde del domingo 29 de mayo Rogelio Agust\u00edn Elementos de la Guardia Nacional (GN) y de la Polic\u00eda del Estado iniciaron los&hellip; <\/p>\n","protected":false},"author":21,"featured_media":45826,"comment_status":"open","ping_status":"open","sticky":false,"template":"","format":"standard","meta":{"fifu_image_url":"","fifu_image_alt":"","footnotes":""},"categories":[27],"tags":[],"class_list":["post-45825","post","type-post","status-publish","format-standard","has-post-thumbnail","hentry","category-seguridad-publica"],"_links":{"self":[{"href":"https:\/\/www.interaccionnoticias.com.mx\/index.php?rest_route=\/wp\/v2\/posts\/45825","targetHints":{"allow":["GET"]}}],"collection":[{"href":"https:\/\/www.interaccionnoticias.com.mx\/index.php?rest_route=\/wp\/v2\/posts"}],"about":[{"href":"https:\/\/www.interaccionnoticias.com.mx\/index.php?rest_route=\/wp\/v2\/types\/post"}],"author":[{"embeddable":true,"href":"https:\/\/www.interaccionnoticias.com.mx\/index.php?rest_route=\/wp\/v2\/users\/21"}],"replies":[{"embeddable":true,"href":"https:\/\/www.interaccionnoticias.com.mx\/index.php?rest_route=%2Fwp%2Fv2%2Fcomments&post=45825"}],"version-history":[{"count":1,"href":"https:\/\/www.interaccionnoticias.com.mx\/index.php?rest_route=\/wp\/v2\/posts\/45825\/revisions"}],"predecessor-version":[{"id":45827,"href":"https:\/\/www.interaccionnoticias.com.mx\/index.php?rest_route=\/wp\/v2\/posts\/45825\/revisions\/45827"}],"wp:featuredmedia":[{"embeddable":true,"href":"https:\/\/www.interaccionnoticias.com.mx\/index.php?rest_route=\/wp\/v2\/media\/45826"}],"wp:attachment":[{"href":"https:\/\/www.interaccionnoticias.com.mx\/index.php?rest_route=%2Fwp%2Fv2%2Fmedia&parent=45825"}],"wp:term":[{"taxonomy":"category","embeddable":true,"href":"https:\/\/www.interaccionnoticias.com.mx\/index.php?rest_route=%2Fwp%2Fv2%2Fcategories&post=45825"},{"taxonomy":"post_tag","embeddable":true,"href":"https:\/\/www.interaccionnoticias.com.mx\/index.php?rest_route=%2Fwp%2Fv2%2Ftags&post=45825"}],"curies":[{"name":"wp","href":"https:\/\/api.w.org\/{rel}","templated":true}]}}