{"id":45814,"date":"2022-05-29T19:46:14","date_gmt":"2022-05-30T00:46:14","guid":{"rendered":"https:\/\/interaccionnoticias.com.mx\/?p=45814"},"modified":"2022-05-29T19:46:20","modified_gmt":"2022-05-30T00:46:20","slug":"informa-el-congreso-a-la-scjn-sobre-reformas-en-materia-de-derechos-y-cultura-indigena","status":"publish","type":"post","link":"https:\/\/www.interaccionnoticias.com.mx\/?p=45814","title":{"rendered":"Informa el Congreso a la SCJN sobre reformas en materia de Derechos y Cultura Ind\u00edgena"},"content":{"rendered":"\n<p><strong>&#8212; Las reformas est\u00e1n bien hechas, asegura el presidente de la Jucopo, Alfredo S\u00e1nchez Esquivel<\/strong><\/p>\n\n\n\n<p><strong>Rogelio Agust\u00edn<\/strong><\/p>\n\n\n\n<p>El presidente de la Junta de Coordinaci\u00f3n Pol\u00edtica (Jucopo) del Congreso local, Alfredo S\u00e1nchez Esquivel sostuvo que este lunes, la Suprema Corte de Justicia de la Naci\u00f3n (SCJN) recibir\u00e1 la informaci\u00f3n relacionada con los trabajos de consulta encaminados a reformar el art\u00edculo 14 de la Constituci\u00f3n Pol\u00edtica del Estado y la Ley 701.<\/p>\n\n\n\n<p>S\u00e1nchez Esquivel, explic\u00f3 que durante todo el fin de semana, personal t\u00e9cnico del Congreso estuvo concentrado en reunir toda la informaci\u00f3n que debe llegar a la SCJN, para demostrar que se ha cumplido en los t\u00e9rminos de la sentencia emitida a partir del recurso de inconstitucionalidad promovido por la Comisi\u00f3n Nacional de Derechos Humanos (CNDH).<\/p>\n\n\n\n<p>La ma\u00f1ana del jueves 26 de mayo, el vicecoordinador de la bancada del PRD, reproch\u00f3 que de manera extra\u00f1a, la conferencia del Congreso haya informado, sin sustento ni argumentaci\u00f3n v\u00e1lida, que la sesi\u00f3n de Pleno programada para este d\u00eda se suspend\u00eda y quedaba reprogramada para el pr\u00f3ximo martes.<\/p>\n\n\n\n<p>El presidente de la Jucopo y coordinador de la fracci\u00f3n parlamentaria de Morena, Alfredo S\u00e1nchez Esquivel explic\u00f3 que efectivamente, la sesi\u00f3n del jueves se reprogram\u00f3 para el martes, pero indic\u00f3 que por una raz\u00f3n muy fuerte.<\/p>\n\n\n\n<p>\u201cTodo el d\u00eda de hoy, todo el d\u00eda de ma\u00f1ana, se armar\u00e1n los paquetes que se van a enviar a la Suprema Corte de Justicia de la Naci\u00f3n (SCJN), para informar sobre lo aprobado en el 14 constitucional y la Ley 701\u201d, explic\u00f3.<\/p>\n\n\n\n<p>La fecha l\u00edmite para entregar dicho informe es este lunes 29 de mayo, en ese informe se explica c\u00f3mo es que se lleg\u00f3 a la redacci\u00f3n final de los dict\u00e1menes aprobados.<\/p>\n\n\n\n<p>En la informaci\u00f3n est\u00e1n expuestas todas las propuestas que se presentaron en el proceso de consulta, as\u00ed como los trabajos que se realizaron para retomar todo lo que estaba ajustado al marco legal.<\/p>\n\n\n\n<p>S\u00e1nchez Esquivel asegur\u00f3 que las reformas aprobadas por el Pleno del Congreso est\u00e1n bien hechas, porque se cumplen con los par\u00e1metros de la Suprema Corte de Justicia de la Naci\u00f3n, de tal manera que no se espera una respuesta adversa ante el trabajo realizado.<\/p>\n\n\n\n<p>De hecho, asumi\u00f3 que los trabajos est\u00e1n \u201cblindados\u201d y que en su momento, las partes que se encuentren inconformes podr\u00e1n ejercer el derecho a la impugnaci\u00f3n.<\/p>\n\n\n\n<p>La semana pasada, los abogasos Vidulfo Rosales Sierra, Rub\u00e9n Cayetano Garc\u00eda y el antrop\u00f3logo Abel Barrera Hern\u00e1ndez, dieron a conocer que hay elementos suficientes para ir a la impugnaci\u00f3n ante la SCJN.<\/p>\n","protected":false},"excerpt":{"rendered":"<p>&#8212; Las reformas est\u00e1n bien hechas, asegura el presidente de la Jucopo, Alfredo S\u00e1nchez Esquivel Rogelio Agust\u00edn El presidente de la Junta de Coordinaci\u00f3n Pol\u00edtica (Jucopo) del Congreso local, Alfredo&hellip; <\/p>\n","protected":false},"author":21,"featured_media":45815,"comment_status":"open","ping_status":"open","sticky":false,"template":"","format":"standard","meta":{"fifu_image_url":"","fifu_image_alt":"","footnotes":""},"categories":[2],"tags":[],"class_list":["post-45814","post","type-post","status-publish","format-standard","has-post-thumbnail","hentry","category-congreso"],"_links":{"self":[{"href":"https:\/\/www.interaccionnoticias.com.mx\/index.php?rest_route=\/wp\/v2\/posts\/45814","targetHints":{"allow":["GET"]}}],"collection":[{"href":"https:\/\/www.interaccionnoticias.com.mx\/index.php?rest_route=\/wp\/v2\/posts"}],"about":[{"href":"https:\/\/www.interaccionnoticias.com.mx\/index.php?rest_route=\/wp\/v2\/types\/post"}],"author":[{"embeddable":true,"href":"https:\/\/www.interaccionnoticias.com.mx\/index.php?rest_route=\/wp\/v2\/users\/21"}],"replies":[{"embeddable":true,"href":"https:\/\/www.interaccionnoticias.com.mx\/index.php?rest_route=%2Fwp%2Fv2%2Fcomments&post=45814"}],"version-history":[{"count":1,"href":"https:\/\/www.interaccionnoticias.com.mx\/index.php?rest_route=\/wp\/v2\/posts\/45814\/revisions"}],"predecessor-version":[{"id":45816,"href":"https:\/\/www.interaccionnoticias.com.mx\/index.php?rest_route=\/wp\/v2\/posts\/45814\/revisions\/45816"}],"wp:featuredmedia":[{"embeddable":true,"href":"https:\/\/www.interaccionnoticias.com.mx\/index.php?rest_route=\/wp\/v2\/media\/45815"}],"wp:attachment":[{"href":"https:\/\/www.interaccionnoticias.com.mx\/index.php?rest_route=%2Fwp%2Fv2%2Fmedia&parent=45814"}],"wp:term":[{"taxonomy":"category","embeddable":true,"href":"https:\/\/www.interaccionnoticias.com.mx\/index.php?rest_route=%2Fwp%2Fv2%2Fcategories&post=45814"},{"taxonomy":"post_tag","embeddable":true,"href":"https:\/\/www.interaccionnoticias.com.mx\/index.php?rest_route=%2Fwp%2Fv2%2Ftags&post=45814"}],"curies":[{"name":"wp","href":"https:\/\/api.w.org\/{rel}","templated":true}]}}