{"id":45809,"date":"2022-05-29T19:37:16","date_gmt":"2022-05-30T00:37:16","guid":{"rendered":"https:\/\/interaccionnoticias.com.mx\/?p=45809"},"modified":"2022-05-29T19:37:21","modified_gmt":"2022-05-30T00:37:21","slug":"a-mas-de-30-anos-de-lucha-por-su-reconocimiento-sierrenos-confian-en-que-habra-region-sierra","status":"publish","type":"post","link":"https:\/\/www.interaccionnoticias.com.mx\/?p=45809","title":{"rendered":"A m\u00e1s de 30 a\u00f1os de lucha por su reconocimiento, sierre\u00f1os conf\u00edan en que habr\u00e1 regi\u00f3n Sierra"},"content":{"rendered":"\n<p><strong>Rosario Garc\u00eda Orozco<\/strong><\/p>\n\n\n\n<p><strong>Chilpancingo, Gro., 29 de mayo del 2022.-<\/strong> A m\u00e1s de 30 a\u00f1os de lucha por la conformaci\u00f3n de la Sierra del estado, l\u00edderes de algunas comunidades serranas conf\u00edan en la voluntad pol\u00edtica de la gobernadora Evelyn Salgado Pineda para concretar la creaci\u00f3n de la octava regi\u00f3n.<\/p>\n\n\n\n<p>Con arraigo en comunidades serranas como El Durazno, municipio de Coyuca de Catal\u00e1n, Rigoberto Acosta Gonz\u00e1lez, integrante del Grupo Sierra, dio a conocer que comenz\u00f3 su lucha por lograr el reconocimiento y el desarrollo de esta zona desde principio de la d\u00e9cada de los 90&#8217;s con la conformaci\u00f3n del Consejo Regional de la Sierra de Guerrero, y recalca que lo que siempre ha planteado junto con al menos otras 16 organizaciones y liderazgos serranos es \u201cque haya presencia institucional, que haya atenci\u00f3n de las autoridades federales y estatales a los sierre\u00f1os\u201d.<\/p>\n\n\n\n<p>Lament\u00f3 que a pesar de ser los promotores de la octava regi\u00f3n desde hace casi 32 a\u00f1os, no han sido tomados en cuenta por las autoridades estatales que en la presente administraci\u00f3n anunciaron que se va a crear la octava region en el estado.<\/p>\n\n\n\n<p>\u00abLo importante es que se d\u00e9 la posibilidad de una atenci\u00f3n integral a los elementos que potencialicen el desarrollo de la regi\u00f3n y que nuestra gente deje de andar en otras actividades\u201d, considero el l\u00edder integrante del Grupo Sierra.<\/p>\n\n\n\n<p>Entrevistado en la ciudad capital, asegur\u00f3 que despu\u00e9s de los esfuerzos que se han hecho a lo largo de estos m\u00e1s de 30 a\u00f1os y seis administraciones gubernamentales \u00abque solo desde\u00f1aron nuestro esfuerzo\u201d, destac\u00f3 que en la presente administraci\u00f3n s\u00ed empezamos a visualizar voluntad pol\u00edtica de la gobernadora, y es que tambi\u00e9n son guerrerenses los de la Sierra y que hay que atenderlos\u201d, insisti\u00f3.<\/p>\n\n\n\n<p>Acosta Gonz\u00e1lez record\u00f3 que a lo largo de la lucha por el reconocimiento de la Sierra se han concretado tres decretos expedidos por tres gobernadores diferentes: Ren\u00e9 Ju\u00e1rez Cisneros que decret\u00f3 a la Sierra como Zona de Atenci\u00f3n Especial, \u00abaunque falt\u00f3 dinero para llevarlo a cabo\u00bb; otro en el segundo gobierno de Angel Aguirre Rivero, \u00aben el que se cre\u00f3 una Comisi\u00f3n Multidisciplinaria en Geopol\u00edtica, junto con el Congreso del Estado para determinar el per\u00edmetro de la Sierra, pero que se ator\u00f3 por alguna raz\u00f3n, seguramente por falta de dinero\u00bb, y el tercero, publicado por Rogelio Ortega Mart\u00ednez, firmado en El Para\u00edso, al que calific\u00f3 como la \u201ccereza del pastel, en el que se reconoci\u00f3 el elemento humano, la identidad de los sierre\u00f1os, aunque falt\u00f3 tiempo, porque su gobierno fue de apenas 12 meses en los que fue imposible de instrumentar un Plan de Desarrollo para la zona\u00bb.<\/p>\n\n\n\n<p>Debido a esos trabajos se cuenta con un Plan Estrat\u00e9gico para la Sierra, \u201cen el que se asienta qu\u00e9 se puede hacer para mejorar las condiciones de Educaci\u00f3n, Salud, los j\u00f3venes, el medio amiente, la iglesia, el deporte, los recursos naturales, y las minas, porque la mayor\u00eda de las minas est\u00e1n en territorio serrano\u00bb.<\/p>\n\n\n\n<p>Agreg\u00f3 que es importante tambi\u00e9n determinar de que manera se puede impulsar a los productores de aguacate, sobre todo tras la declaratoria que ha tenido un boom tan interesante en Guerrero, porque se declar\u00f3 libre de plaga\u00bb.<\/p>\n\n\n\n<p>Explic\u00f3 que tambi\u00e9n se puede mejorar la producci\u00f3n de agave y mezcal de la Sierra.<\/p>\n\n\n\n<p>De acuerdo al Instituto Nacional de Estad\u00edstica y Geograf\u00eda (INEGI), la poblaci\u00f3n de esta zona es de m\u00e1s de 143 mil personas, en m\u00e1s de mil 200 comunidades muy dispersas en 14 municipios, con una enorme riqueza natural de casi 900 mil hect\u00e1reas de bosque de pino y encino.<\/p>\n","protected":false},"excerpt":{"rendered":"<p>Rosario Garc\u00eda Orozco Chilpancingo, Gro., 29 de mayo del 2022.- A m\u00e1s de 30 a\u00f1os de lucha por la conformaci\u00f3n de la Sierra del estado, l\u00edderes de algunas comunidades serranas&hellip; <\/p>\n","protected":false},"author":14,"featured_media":45810,"comment_status":"open","ping_status":"open","sticky":false,"template":"","format":"standard","meta":{"fifu_image_url":"","fifu_image_alt":"","footnotes":""},"categories":[11],"tags":[],"class_list":["post-45809","post","type-post","status-publish","format-standard","has-post-thumbnail","hentry","category-guerrero"],"_links":{"self":[{"href":"https:\/\/www.interaccionnoticias.com.mx\/index.php?rest_route=\/wp\/v2\/posts\/45809","targetHints":{"allow":["GET"]}}],"collection":[{"href":"https:\/\/www.interaccionnoticias.com.mx\/index.php?rest_route=\/wp\/v2\/posts"}],"about":[{"href":"https:\/\/www.interaccionnoticias.com.mx\/index.php?rest_route=\/wp\/v2\/types\/post"}],"author":[{"embeddable":true,"href":"https:\/\/www.interaccionnoticias.com.mx\/index.php?rest_route=\/wp\/v2\/users\/14"}],"replies":[{"embeddable":true,"href":"https:\/\/www.interaccionnoticias.com.mx\/index.php?rest_route=%2Fwp%2Fv2%2Fcomments&post=45809"}],"version-history":[{"count":1,"href":"https:\/\/www.interaccionnoticias.com.mx\/index.php?rest_route=\/wp\/v2\/posts\/45809\/revisions"}],"predecessor-version":[{"id":45811,"href":"https:\/\/www.interaccionnoticias.com.mx\/index.php?rest_route=\/wp\/v2\/posts\/45809\/revisions\/45811"}],"wp:featuredmedia":[{"embeddable":true,"href":"https:\/\/www.interaccionnoticias.com.mx\/index.php?rest_route=\/wp\/v2\/media\/45810"}],"wp:attachment":[{"href":"https:\/\/www.interaccionnoticias.com.mx\/index.php?rest_route=%2Fwp%2Fv2%2Fmedia&parent=45809"}],"wp:term":[{"taxonomy":"category","embeddable":true,"href":"https:\/\/www.interaccionnoticias.com.mx\/index.php?rest_route=%2Fwp%2Fv2%2Fcategories&post=45809"},{"taxonomy":"post_tag","embeddable":true,"href":"https:\/\/www.interaccionnoticias.com.mx\/index.php?rest_route=%2Fwp%2Fv2%2Ftags&post=45809"}],"curies":[{"name":"wp","href":"https:\/\/api.w.org\/{rel}","templated":true}]}}