{"id":45742,"date":"2022-05-27T08:40:51","date_gmt":"2022-05-27T13:40:51","guid":{"rendered":"https:\/\/interaccionnoticias.com.mx\/?p=45742"},"modified":"2022-05-27T08:40:55","modified_gmt":"2022-05-27T13:40:55","slug":"golpeados-atados-de-manos-y-vendados-de-los-ojos-encontraron-a-los-policias-de-pilcaya","status":"publish","type":"post","link":"https:\/\/www.interaccionnoticias.com.mx\/?p=45742","title":{"rendered":"Golpeados, atados de manos y vendados de los ojos, encontraron a los polic\u00edas de Pilcaya"},"content":{"rendered":"\n<p>&#8212; No hay detenidos, los captores huyeron ante el operativo conjunto<br>&#8212; Ya est\u00e1 identificado el grupo criminal que los mantuvo cautivos, pero se mantiene el dato bajo reserva<\/p>\n\n\n\n<p>Jes\u00fas Dorantes<\/p>\n\n\n\n<p>Golpeados, atados de manos y vendados de los ojos, es como fueron localizados los tres polic\u00edas municipales de Pilcaya, que permanec\u00edan en calidad de desaparecidos desde la jornada del 29 de abril.<\/p>\n\n\n\n<p>Los cuerpos de seguridad que participaron en el operativo conjunto los localizaron en la comunidad de Taxco el Viejo, municipio de Taxco de Alarc\u00f3n, en la regi\u00f3n Norte de Guerrero.<\/p>\n\n\n\n<p>Ram\u00f3n Celaya Gamboa, vicefiscal de Investigaci\u00f3n de la Fiscal\u00eda General del Estado (FGE), confirm\u00f3 que la localizaci\u00f3n se gener\u00f3 con base a la investigaci\u00f3n, no existieron detenidos debido a que los \u00abcriminales\u00bb que los resguardaban se dieron a la fuga.<\/p>\n\n\n\n<p>Debido a las lesiones que presentan en todo el cuerpo, los tres elementos de primera instancia fueron trasladados al municipio y de Iguala y posteriormente al hospital militar de Chilpancingo, para su atenci\u00f3n m\u00e9dica.<br>Hasta el momento, la vida de ninguno corre peligro por las lesiones.<\/p>\n\n\n\n<p>El vicefiscal se\u00f1al\u00f3 que<br>furante los d\u00edas de desaparici\u00f3n, los elementos municipales fueron movidos en dos puntos diferentes, pero el dispositivo de geolocalizaci\u00f3n de uno de sus tel\u00e9fonos celulares sirvi\u00f3 para dar con el paradero.<\/p>\n\n\n\n<p>Se estima que en algunos d\u00edas ser\u00e1n dados de alta y llevados con sus familias, adem\u00e1s de que se les brindar\u00e1n medidas cautelares.<\/p>\n\n\n\n<p>En la rueda de prensa, Celaya Gamboa asegur\u00f3 que ya se tienen indicios del grupo criminal que los detuvo, pero se abstuvieron de dar a conocer los detalles de dicha organizaci\u00f3n.<\/p>\n\n\n\n<p>Lo que enfatiz\u00f3, es que la investigaci\u00f3n correr\u00e1 su curso hasta lograr la detenci\u00f3n de los responsables.<br><\/p>\n","protected":false},"excerpt":{"rendered":"<p>&#8212; No hay detenidos, los captores huyeron ante el operativo conjunto&#8212; Ya est\u00e1 identificado el grupo criminal que los mantuvo cautivos, pero se mantiene el dato bajo reserva Jes\u00fas Dorantes&hellip; <\/p>\n","protected":false},"author":8,"featured_media":45743,"comment_status":"open","ping_status":"open","sticky":false,"template":"","format":"standard","meta":{"fifu_image_url":"","fifu_image_alt":"","footnotes":""},"categories":[27],"tags":[],"class_list":["post-45742","post","type-post","status-publish","format-standard","has-post-thumbnail","hentry","category-seguridad-publica"],"_links":{"self":[{"href":"https:\/\/www.interaccionnoticias.com.mx\/index.php?rest_route=\/wp\/v2\/posts\/45742","targetHints":{"allow":["GET"]}}],"collection":[{"href":"https:\/\/www.interaccionnoticias.com.mx\/index.php?rest_route=\/wp\/v2\/posts"}],"about":[{"href":"https:\/\/www.interaccionnoticias.com.mx\/index.php?rest_route=\/wp\/v2\/types\/post"}],"author":[{"embeddable":true,"href":"https:\/\/www.interaccionnoticias.com.mx\/index.php?rest_route=\/wp\/v2\/users\/8"}],"replies":[{"embeddable":true,"href":"https:\/\/www.interaccionnoticias.com.mx\/index.php?rest_route=%2Fwp%2Fv2%2Fcomments&post=45742"}],"version-history":[{"count":1,"href":"https:\/\/www.interaccionnoticias.com.mx\/index.php?rest_route=\/wp\/v2\/posts\/45742\/revisions"}],"predecessor-version":[{"id":45744,"href":"https:\/\/www.interaccionnoticias.com.mx\/index.php?rest_route=\/wp\/v2\/posts\/45742\/revisions\/45744"}],"wp:featuredmedia":[{"embeddable":true,"href":"https:\/\/www.interaccionnoticias.com.mx\/index.php?rest_route=\/wp\/v2\/media\/45743"}],"wp:attachment":[{"href":"https:\/\/www.interaccionnoticias.com.mx\/index.php?rest_route=%2Fwp%2Fv2%2Fmedia&parent=45742"}],"wp:term":[{"taxonomy":"category","embeddable":true,"href":"https:\/\/www.interaccionnoticias.com.mx\/index.php?rest_route=%2Fwp%2Fv2%2Fcategories&post=45742"},{"taxonomy":"post_tag","embeddable":true,"href":"https:\/\/www.interaccionnoticias.com.mx\/index.php?rest_route=%2Fwp%2Fv2%2Ftags&post=45742"}],"curies":[{"name":"wp","href":"https:\/\/api.w.org\/{rel}","templated":true}]}}