{"id":45740,"date":"2022-05-26T21:19:49","date_gmt":"2022-05-27T02:19:49","guid":{"rendered":"https:\/\/interaccionnoticias.com.mx\/?p=45740"},"modified":"2022-05-26T21:19:54","modified_gmt":"2022-05-27T02:19:54","slug":"reformo-el-congreso-de-guerrero-el-articulo-14-de-la-constitucion-local-pero-no-cumple-con-la-sentencia-de-la-accion-de-inconstitucionalidad","status":"publish","type":"post","link":"https:\/\/www.interaccionnoticias.com.mx\/?p=45740","title":{"rendered":"Reform\u00f3 el Congreso de Guerrero el art\u00edculo 14 de la Constituci\u00f3n local, pero no cumple con la sentencia de la acci\u00f3n de inconstitucionalidad."},"content":{"rendered":"\n<p><strong>Tinta Jur\u00eddica<\/strong><\/p>\n\n\n\n<p><strong>Por Dr. Trinidad Zamacona L\u00f3pez.<\/strong><\/p>\n\n\n\n<p>\u201cEn un Estado Democr\u00e1tico, las reformas que se hagan a las leyes son para beneficiar, no para perjudicar al pueblo al que van dirigidas\u201d<\/p>\n\n\n\n<p>Insistimos que en la LXIII se han estado dando casos de violaciones, no tan solo a su ley, sino que tambi\u00e9n a su reglamento interno, que primero los llevo a una par\u00e1lisis legislativa sin precedente alguno que se tenga conocimiento, si el Presidente del Congreso est\u00e1 mal, o hace mal las cosas, ese solo hecho los lleva a todos a fallar para lo que fueron elegidos.<\/p>\n\n\n\n<p>En el gobierno del priista H\u00e9ctor Astudillo Flores, aquel que prometi\u00f3 \u201corden y paz\u201d el orden nunca lo puso y la paz nunca lleg\u00f3, realiz\u00f3 la reforma al art\u00edculo 14 de la Constituci\u00f3n Pol\u00edtica del Estado Libre y Soberano de Guerrero, lo que llevo a desaparecer el Sistema de Seguridad y Justicia, de la Coordinadora Regional de Autoridades Comunitarias, la CRAC, que viene siendo el principal \u00f3rgano del Sistema Comunitario encargado de impartir justicia seg\u00fan \u201clos usos y costumbres de los Pueblos\u201d. Esto fue lo que desapareci\u00f3 el Gobernador Astudillo Flores, al reformar el art\u00edculo 14 de la Constituci\u00f3n Local. Lo que trajo como consecuencias que la CRAC a trav\u00e9s de los organismos facultados para impugnar dicha inconstitucionalidad lo hicieran por ello es que prospero en la Suprema Corte de Justicia de la Naci\u00f3n.<\/p>\n\n\n\n<p>Pero que dec\u00eda el art\u00edculo 14 de la Constituci\u00f3n de Guerrero, que fue eliminado por el gobierno anterior aqu\u00ed est\u00e1 la transcripci\u00f3n:<\/p>\n\n\n\n<p>\u201cARTICULO 14.- El Estado reconoce y garantiza las acciones de seguridad p\u00fablica y prevenci\u00f3n del delito; de su sistema de faltas, sujetas a su reglamento interno, que no constituyan il\u00edcitos tipificados en el C\u00f3digo Penal del Estado, y que implementen los Pueblos y Comunidades Ind\u00edgenas y Afromexicanas, dentro de sus localidades, de acuerdo a sus pr\u00e1cticas tradicionales, cuyo seguimiento de acci\u00f3n se dar\u00e1 a trav\u00e9s de su Polic\u00eda Comunitaria o Rural, integradas por los miembros de cada comunidad y designados en Asamblea Popular o General, y con sujeci\u00f3n a la Ley de Seguridad Publica y su reglamento interno de esta entidad. Dichas polic\u00edas tendr\u00e1n una estrecha vinculaci\u00f3n, colaboraci\u00f3n y coordinaci\u00f3n con el Sistema Estatal de Seguridad P\u00fablica, en lo que hace a su registro, control, supervisi\u00f3n, asesor\u00eda, capacitaci\u00f3n y evaluaci\u00f3n\u201d. (REFORMADO, P.O. 29 DE ABRIL DE 2014).<\/p>\n\n\n\n<p>Como lo propuso el \u2013Gobernador\u2013 Articulo 14.- La ley establecer\u00e1 las bases para una adecuada delimitaci\u00f3n de competencias en la materias de seguridad p\u00fablica e impartici\u00f3n de justicia y de los mecanismos legales de vinculaci\u00f3n y coordinaci\u00f3n entre los sistemas normativos ind\u00edgenas el sistema jur\u00eddico estatal, para que los pueblos ind\u00edgenas y afromexicanos apliquen sus propios sistemas normativos. Trat\u00e1ndose de delitos que afecten bienes jur\u00eddicos propios &nbsp;de un pueblo o comunidad ind\u00edgena o Afromexicana, o bienes personales de alguno de sus miembros, se estar\u00e1 a lo dispuesto por la legislaci\u00f3n nacional aplicable. Decreto numero 756 por el que se reforma el art\u00edculo 14 de la Constituci\u00f3n Pol\u00edtica del Estado Libre y Soberano de Guerrero, en Materia de Derechos y Cultura Ind\u00edgena, publicado en el Peri\u00f3dico Oficial del Gobierno del Estado de Guerrero el 21 de agosto de 2018. Este es el decreto que fue impugnado ante la Suprema Corte de Justicia de la Naci\u00f3n.<\/p>\n\n\n\n<p>Como se observa, cort\u00f3 de tajo el Sistema de Seguridad y Justicia, de la Coordinadora Regional de Autoridades Comunitarias, la CRAC. Lo que trastoca el art\u00edculo 1\u00ba de la Constituci\u00f3n Pol\u00edtica del Pa\u00eds, en el sentido de que primero los derechos en materia de derechos humanos deben de ser progresivos, principio de progresividad, segundo el respeto a la autodeterminaci\u00f3n a los pueblos y culturas ind\u00edgenas, principio de la autodeterminaci\u00f3n, lo que no se respet\u00f3 en la reforma que impulso el gobierno priista de \u2013Astudillo Flores\u2013 por eso los que impulsaron la impugnaci\u00f3n ganaron con las manos en la cintura la Acci\u00f3n de Inconstitucionalidad, en donde determin\u00f3 que la mencionada reforma iba en contra del principio de progresividad y de la autodeterminaci\u00f3n. &nbsp;<\/p>\n\n\n\n<p>Pero la LXIII Legislatura fue m\u00e1s all\u00e1 en la violaci\u00f3n a esos principios, (Progresividad y Autodeterminaci\u00f3n) la iniciativa de reforma obtuvo una votaci\u00f3n de 36 votos a favor, 1 en contra y cero abstenciones, el Poder Legislativo de la entidad, aprob\u00f3 las reformas al art\u00edculo 14 de la Constituci\u00f3n Pol\u00edtica del Estado y la Ley 701, que sustituyen la figura de la Polic\u00eda Comunitaria por Polic\u00edas Ind\u00edgenas y Afromexicanas, lo que ya no tiene sentido, ya que no es ese el sentido de la resoluci\u00f3n de la acci\u00f3n de inconstitucionalidad, deja fuera a la (CRAC) pero adem\u00e1s le desconocen el sistema de reeducaci\u00f3n como mecanismo para sancionar delitos y subordinan a los cuerpos de seguridad de los pueblos originarios ante las polic\u00edas preventivas municipales y del estado, esto es lo que no debe de suceder, es un sistema independiente para que impera la autodeterminaci\u00f3n, por ellos de nueva cuenta la reforma resulta inconstitucional. Por ello podr\u00e1 ser impugnada por los perjudicados &nbsp;porque no cumple con los par\u00e1metros de la resoluci\u00f3n.<\/p>\n\n\n\n<p>El Congreso del Estado, dej\u00f3 el Art\u00edculo 14 Constitucional de la siguiente manera:<\/p>\n\n\n\n<p>Articulo 14.- \u201cEl estado reconoce las acciones de seguridad p\u00fablica para la prevenci\u00f3n del delito, que implementen los pueblos y comunidades ind\u00edgenas y afromexicanas o sus integrantes dentro de sus comunidades, de acuerdo con sus sistemas normativos internos, respetando las garant\u00edas individuales, los derechos humanos y, de manera relevante, la dignidad e integridad de las ni\u00f1as, ni\u00f1os y mujeres. La implementaci\u00f3n y seguimiento de la prevenci\u00f3n de delitos e infracciones se dar\u00e1 por la conducta de sus autoridades, integradas por los miembros de cada comunidad, garantizando la participaci\u00f3n de la mujer en igualdad de condiciones, en estricta cooperaci\u00f3n con las autoridades de los tres \u00f3rdenes de gobierno para alcanzar los fines que persigue la seguridad p\u00fablica del Estado\u201d.<\/p>\n\n\n\n<p>Que es lo inconstitucional, miren la reforma es limitativa por lo siguiente; le cambia el nombre a la Polic\u00eda Comunitaria, ahora la nombra \u201cPolic\u00eda Comunitaria a Polic\u00eda Ind\u00edgena y Afromexicana\u201d las deja subordinada a las corporaciones policiacas del Estado y de los municipios, y es ah\u00ed en donde radica el problema que aqueja a la sociedad de Guerrero, ya que son los polic\u00edas del Estado los que est\u00e1n vinculados a los criminales. Limita sus acciones, no podr\u00e1n actuar o emitir ordenes de aprensi\u00f3n en su territorio, tienen prohibido realizar cateos aun cuando haya denuncia de alg\u00fan delito. &nbsp;<\/p>\n\n\n\n<p>Con respecto a la reforma de la Ley 701, en materia de derechos y cultura de los pueblos ind\u00edgenas y afromexicanos, no es acorde a los lineamientos que emiti\u00f3 la Suprema Corte de Justicia de la Naci\u00f3n, si no se reconoce el Sistema de Seguridad y Justicia, de la Coordinadora Regional de Autoridades Comunitarias, de la CRAC, entonces la reforma es regresiva y no progresiva, rompe con el \u201cPRINCIPIO DE PROGRESIVIDAD) por ello es inconstitucional nuevamente, \u201cEn un Estado Democr\u00e1tico, las reformas que se hagan a las leyes son para beneficiar, no para perjudicar al pueblo al que van dirigidas\u201d la reforma perjudica a las comunidades ind\u00edgenas del Estado de Guerrero. No dejarlos que se gobiernen con sus usos y costumbre es romper tambi\u00e9n con el \u201cPRINCIPIO DE AUTODETERMINACI\u00d3N\u201d, a lo que tienen derecho, por eso ser\u00e1 impugnada de nueva cuenta.<\/p>\n","protected":false},"excerpt":{"rendered":"<p>Tinta Jur\u00eddica Por Dr. Trinidad Zamacona L\u00f3pez. \u201cEn un Estado Democr\u00e1tico, las reformas que se hagan a las leyes son para beneficiar, no para perjudicar al pueblo al que van&hellip; <\/p>\n","protected":false},"author":24,"featured_media":43902,"comment_status":"open","ping_status":"open","sticky":false,"template":"","format":"standard","meta":{"fifu_image_url":"","fifu_image_alt":"","footnotes":""},"categories":[16],"tags":[],"class_list":["post-45740","post","type-post","status-publish","format-standard","has-post-thumbnail","hentry","category-opinion"],"_links":{"self":[{"href":"https:\/\/www.interaccionnoticias.com.mx\/index.php?rest_route=\/wp\/v2\/posts\/45740","targetHints":{"allow":["GET"]}}],"collection":[{"href":"https:\/\/www.interaccionnoticias.com.mx\/index.php?rest_route=\/wp\/v2\/posts"}],"about":[{"href":"https:\/\/www.interaccionnoticias.com.mx\/index.php?rest_route=\/wp\/v2\/types\/post"}],"author":[{"embeddable":true,"href":"https:\/\/www.interaccionnoticias.com.mx\/index.php?rest_route=\/wp\/v2\/users\/24"}],"replies":[{"embeddable":true,"href":"https:\/\/www.interaccionnoticias.com.mx\/index.php?rest_route=%2Fwp%2Fv2%2Fcomments&post=45740"}],"version-history":[{"count":1,"href":"https:\/\/www.interaccionnoticias.com.mx\/index.php?rest_route=\/wp\/v2\/posts\/45740\/revisions"}],"predecessor-version":[{"id":45741,"href":"https:\/\/www.interaccionnoticias.com.mx\/index.php?rest_route=\/wp\/v2\/posts\/45740\/revisions\/45741"}],"wp:featuredmedia":[{"embeddable":true,"href":"https:\/\/www.interaccionnoticias.com.mx\/index.php?rest_route=\/wp\/v2\/media\/43902"}],"wp:attachment":[{"href":"https:\/\/www.interaccionnoticias.com.mx\/index.php?rest_route=%2Fwp%2Fv2%2Fmedia&parent=45740"}],"wp:term":[{"taxonomy":"category","embeddable":true,"href":"https:\/\/www.interaccionnoticias.com.mx\/index.php?rest_route=%2Fwp%2Fv2%2Fcategories&post=45740"},{"taxonomy":"post_tag","embeddable":true,"href":"https:\/\/www.interaccionnoticias.com.mx\/index.php?rest_route=%2Fwp%2Fv2%2Ftags&post=45740"}],"curies":[{"name":"wp","href":"https:\/\/api.w.org\/{rel}","templated":true}]}}