{"id":45737,"date":"2022-05-26T20:00:28","date_gmt":"2022-05-27T01:00:28","guid":{"rendered":"https:\/\/interaccionnoticias.com.mx\/?p=45737"},"modified":"2022-05-26T20:00:32","modified_gmt":"2022-05-27T01:00:32","slug":"adolece-guerrero-de-apoyo-institucional-para-reactivar-la-economia-cce","status":"publish","type":"post","link":"https:\/\/www.interaccionnoticias.com.mx\/?p=45737","title":{"rendered":"Adolece Guerrero de apoyo institucional para reactivar la econom\u00eda: CCE"},"content":{"rendered":"\n<p>Rosario Garc\u00eda Orozco<\/p>\n\n\n\n<p>Chilpancingo, Gro., 25 de mayo del 2022.- El presidente del Consejo Coordinador Empresarial del Estado de Guerrero, Omar El\u00edas Azar Herrera reconoci\u00f3 que a\u00fanque de manera lenta s\u00ed est\u00e1 avanzando la reactivaci\u00f3n econ\u00f3mica, pero lament\u00f3 que los empresarios locales no cuenten con el apoyo de los gobiernos federal y estatal.<\/p>\n\n\n\n<p>Record\u00f3 que la pand\u00e9mia provocada por el Covid 19 afect\u00f3 de manera severa la econom\u00eda de los guerrerenses en general, y que varias empresas y negocios se vieron en la necesidad de parar sus actividades, lo que trajo graves problemas econ\u00f3micos.<\/p>\n\n\n\n<p>Coment\u00f3 que el hecho de que el Sem\u00e1foro Epidemiol\u00f3gico se mantenga en verde en Guerrero \u201cya es un aliciente\u201d, porque ya hay confianza de salir a trabajar, lo que ha permitido que el sector productivo del estado ya est\u00e9 trabajando, aun cuando permanecen las medidas sanitarias de prevenci\u00f3n para evitar contagios por Coronavirus, pero \u201cya todos andamos echados para adelante\u201d.<\/p>\n\n\n\n<p>Dijo que tambi\u00e9n los puentes vacacionales han ben\u00e9ficiado mucho al sector productivo de Guerrero, ya que han ayudado a la reactivaci\u00f3n econ\u00f3mica del comercio: \u201cno ha habido un solo dirigente empresarial que se queje de esta situaci\u00f3n, porque a partir de diciembre del 2021 todo ha venido mejorando y eso es un signo de que van bien las cosas\u201d.<\/p>\n\n\n\n<p>Sin embargo, lament\u00f3 que por parte de las autoridades federales y estatales no hay ning\u00fan programa para ayudar a las empresas locales a su reactivaci\u00f3n econ\u00f3mica, y enfatiz\u00f3 que por parte de la Secretar\u00eda de Fomento y Desarrollo Econ\u00f3mico del gobierno del estado ni siquiera ha habido un acercamiento con el empresariado local, para tratar de delinear en conjunto alguna estrategia que haga patente el respaldo institucional.<\/p>\n\n\n\n<p>Consider\u00f3 necesario que esa dependencia por lo menos inicie alg\u00fan programa de incentivos fiscales para los empresarios que durante estos m\u00e1s de dos a\u00f1os han padecido la crisis econ\u00f3mica en sus comercios, muchos de los cuales tuvieron que cerrar sus puertas, y eso tambi\u00e9n increment\u00f3 el \u00edndice de desempleo.<\/p>\n\n\n\n<p>Dijo que varios de los empresarios locales le han confiado que ante la crisis econ\u00f3mica que enfrentaron, se vieron en la necesidad de vender sus terrenos, autos y otras propiedades, porque no hubo incentivos por parte de las autoridades gubernamentales, as\u00ed que los empresarios locales \u201cpr\u00e1cticamente han hecho magia para mantener sus negocios\u00bb.<\/p>\n\n\n\n<p>El\u00edas Azar tambi\u00e9n se quej\u00f3 de que ha faltado el apoyo oficial para reactivar la econom\u00eda del estado, porque incluso por parte del gobierno estatal ni siquiera adquieren los productos que necesitan a empresas locales, ni ha iniciado obras para abrir la \u201cproveedur\u00eda\u201d de insumos y servicios diversos.<br><\/p>\n","protected":false},"excerpt":{"rendered":"<p>Rosario Garc\u00eda Orozco Chilpancingo, Gro., 25 de mayo del 2022.- El presidente del Consejo Coordinador Empresarial del Estado de Guerrero, Omar El\u00edas Azar Herrera reconoci\u00f3 que a\u00fanque de manera lenta&hellip; <\/p>\n","protected":false},"author":14,"featured_media":45738,"comment_status":"open","ping_status":"open","sticky":false,"template":"","format":"standard","meta":{"fifu_image_url":"","fifu_image_alt":"","footnotes":""},"categories":[11],"tags":[],"class_list":["post-45737","post","type-post","status-publish","format-standard","has-post-thumbnail","hentry","category-guerrero"],"_links":{"self":[{"href":"https:\/\/www.interaccionnoticias.com.mx\/index.php?rest_route=\/wp\/v2\/posts\/45737","targetHints":{"allow":["GET"]}}],"collection":[{"href":"https:\/\/www.interaccionnoticias.com.mx\/index.php?rest_route=\/wp\/v2\/posts"}],"about":[{"href":"https:\/\/www.interaccionnoticias.com.mx\/index.php?rest_route=\/wp\/v2\/types\/post"}],"author":[{"embeddable":true,"href":"https:\/\/www.interaccionnoticias.com.mx\/index.php?rest_route=\/wp\/v2\/users\/14"}],"replies":[{"embeddable":true,"href":"https:\/\/www.interaccionnoticias.com.mx\/index.php?rest_route=%2Fwp%2Fv2%2Fcomments&post=45737"}],"version-history":[{"count":1,"href":"https:\/\/www.interaccionnoticias.com.mx\/index.php?rest_route=\/wp\/v2\/posts\/45737\/revisions"}],"predecessor-version":[{"id":45739,"href":"https:\/\/www.interaccionnoticias.com.mx\/index.php?rest_route=\/wp\/v2\/posts\/45737\/revisions\/45739"}],"wp:featuredmedia":[{"embeddable":true,"href":"https:\/\/www.interaccionnoticias.com.mx\/index.php?rest_route=\/wp\/v2\/media\/45738"}],"wp:attachment":[{"href":"https:\/\/www.interaccionnoticias.com.mx\/index.php?rest_route=%2Fwp%2Fv2%2Fmedia&parent=45737"}],"wp:term":[{"taxonomy":"category","embeddable":true,"href":"https:\/\/www.interaccionnoticias.com.mx\/index.php?rest_route=%2Fwp%2Fv2%2Fcategories&post=45737"},{"taxonomy":"post_tag","embeddable":true,"href":"https:\/\/www.interaccionnoticias.com.mx\/index.php?rest_route=%2Fwp%2Fv2%2Ftags&post=45737"}],"curies":[{"name":"wp","href":"https:\/\/api.w.org\/{rel}","templated":true}]}}