{"id":45718,"date":"2022-05-26T17:23:33","date_gmt":"2022-05-26T22:23:33","guid":{"rendered":"https:\/\/interaccionnoticias.com.mx\/?p=45718"},"modified":"2022-05-26T17:23:38","modified_gmt":"2022-05-26T22:23:38","slug":"rescatan-a-tres-policias-preventivos-reportados-como-desaparecidos-en-pilcaya","status":"publish","type":"post","link":"https:\/\/www.interaccionnoticias.com.mx\/?p=45718","title":{"rendered":"Rescatan a tres polic\u00edas preventivos reportados como desaparecidos, en Pilcaya"},"content":{"rendered":"\n<p>&#8212; El 29 de abril salieron de Iguala y fueron interceptados, eran cuatro, uno de sus compa\u00f1eros fue asesinado<\/p>\n\n\n\n<p>Rogelio Agust\u00edn<\/p>\n\n\n\n<p>La Fiscal\u00eda General del Estado (FGE) confirm\u00f3 el rescate de tres elementos de la Polic\u00eda Preventiva Municipal de Pilcaya, que se encontraban reportados como desaparecidos desde la jornada del 29 de abril.<\/p>\n\n\n\n<p>En un comunicado de apenas un p\u00e1rrafo, la FGE indic\u00f3 que el rescate fue producto de un operativo conjunto desarrollado este jueves 26 de mayo, en el que intervinieron corporaciones del Estado y de la Federaci\u00f3n.<\/p>\n\n\n\n<p>Los tres elementos se encontraban desaparecidos desde la jornada del 29 de abril, cuando salieron de sus domicilios, ubicados en Iguala de la Independencia rumbo a su centro de trabajo, ubicado en la cabecera municipal de Pilcaya, en la regi\u00f3n Norte de Guerrero.<\/p>\n\n\n\n<p>En realidad, el 29 de abril salieron de Iguala cuatro elementos de la Polic\u00eda Preventiva Municipal de Pilcaya, aunque uno de ellos de nombre V\u00edctor \u201cN\u201d, fue encontrado sin vida, con huellas de tortura y heridas de bala sobre la carretera federal que va de la cuna de la bandera hacia Taxco de Alarc\u00f3n.<\/p>\n\n\n\n<p>Los elementos rescatados son Ad\u00e1n Flores; Exael Casarrubias y Carlos de la Cruz, cuyos familiares protestaron el pasado 13 de mayo en las inmediaciones de Palacio de Gobierno, para reprochar que las autoridades no estaban realizando trabajos de b\u00fasqueda en realidad, pues a su parecer, solamente estaban simulando.<\/p>\n\n\n\n<p>La alcaldesa Sandra V\u00e1zquez Lara, el 3 de mayo conden\u00f3 el asesinato del polic\u00eda preventivo y solicit\u00f3 que se investigara el caso, adem\u00e1s, demand\u00f3 que se intensificara la b\u00fasqueda de los desaparecidos.<\/p>\n\n\n\n<p>Sin embargo, durante la protesta del 3 de mayo, las familias afectadas denunciaron que la jefa de Cabildo no estaba dando seguimiento al tema.<br>Se espera que en el transcurso de la jornada, la Mesa Central para la Construcci\u00f3n de la Paz emita m\u00e1s datos sobre el hecho.<br><\/p>\n","protected":false},"excerpt":{"rendered":"<p>&#8212; El 29 de abril salieron de Iguala y fueron interceptados, eran cuatro, uno de sus compa\u00f1eros fue asesinado Rogelio Agust\u00edn La Fiscal\u00eda General del Estado (FGE) confirm\u00f3 el rescate&hellip; <\/p>\n","protected":false},"author":21,"featured_media":45719,"comment_status":"open","ping_status":"open","sticky":false,"template":"","format":"standard","meta":{"fifu_image_url":"","fifu_image_alt":"","footnotes":""},"categories":[27],"tags":[],"class_list":["post-45718","post","type-post","status-publish","format-standard","has-post-thumbnail","hentry","category-seguridad-publica"],"_links":{"self":[{"href":"https:\/\/www.interaccionnoticias.com.mx\/index.php?rest_route=\/wp\/v2\/posts\/45718","targetHints":{"allow":["GET"]}}],"collection":[{"href":"https:\/\/www.interaccionnoticias.com.mx\/index.php?rest_route=\/wp\/v2\/posts"}],"about":[{"href":"https:\/\/www.interaccionnoticias.com.mx\/index.php?rest_route=\/wp\/v2\/types\/post"}],"author":[{"embeddable":true,"href":"https:\/\/www.interaccionnoticias.com.mx\/index.php?rest_route=\/wp\/v2\/users\/21"}],"replies":[{"embeddable":true,"href":"https:\/\/www.interaccionnoticias.com.mx\/index.php?rest_route=%2Fwp%2Fv2%2Fcomments&post=45718"}],"version-history":[{"count":1,"href":"https:\/\/www.interaccionnoticias.com.mx\/index.php?rest_route=\/wp\/v2\/posts\/45718\/revisions"}],"predecessor-version":[{"id":45720,"href":"https:\/\/www.interaccionnoticias.com.mx\/index.php?rest_route=\/wp\/v2\/posts\/45718\/revisions\/45720"}],"wp:featuredmedia":[{"embeddable":true,"href":"https:\/\/www.interaccionnoticias.com.mx\/index.php?rest_route=\/wp\/v2\/media\/45719"}],"wp:attachment":[{"href":"https:\/\/www.interaccionnoticias.com.mx\/index.php?rest_route=%2Fwp%2Fv2%2Fmedia&parent=45718"}],"wp:term":[{"taxonomy":"category","embeddable":true,"href":"https:\/\/www.interaccionnoticias.com.mx\/index.php?rest_route=%2Fwp%2Fv2%2Fcategories&post=45718"},{"taxonomy":"post_tag","embeddable":true,"href":"https:\/\/www.interaccionnoticias.com.mx\/index.php?rest_route=%2Fwp%2Fv2%2Ftags&post=45718"}],"curies":[{"name":"wp","href":"https:\/\/api.w.org\/{rel}","templated":true}]}}