{"id":45656,"date":"2022-05-25T20:16:29","date_gmt":"2022-05-26T01:16:29","guid":{"rendered":"https:\/\/interaccionnoticias.com.mx\/?p=45656"},"modified":"2022-05-25T20:16:34","modified_gmt":"2022-05-26T01:16:34","slug":"el-ex-senador-lazaro-mazon-coordinara-la-precampana-de-marcelo-ebrad-en-la-zona-norte-de-guerrero","status":"publish","type":"post","link":"https:\/\/www.interaccionnoticias.com.mx\/?p=45656","title":{"rendered":"El ex senador L\u00e1zaro Maz\u00f3n coordinar\u00e1 la precampa\u00f1a de Marcelo Ebrad en la Zona Norte de Guerrero"},"content":{"rendered":"\n<p><strong>Rosario Garc\u00eda Orozco<\/strong><\/p>\n\n\n\n<p><strong>Chilpancingo, Gro., 25 de mayo del 2022.-<\/strong> La precampa\u00f1a pol\u00edtica de Marcelo Ebrad Casaub\u00f3n como aspirante a la candidatura a presidente de M\u00e9xico por Morena, ser\u00e1 coordinada en la Regi\u00f3n Norte de Guerrero por el ex senador L\u00e1zaro Maz\u00f3n Alonso.<\/p>\n\n\n\n<p>El tambi\u00e9n ex presidente municipal confirm\u00f3 que ser\u00e1 el responsable de promover la precandidatura del canciller en esa zona del estado, y confi\u00f3 en que los ciudadanos respalden esa precandidatura.<\/p>\n\n\n\n<p>Maz\u00f3n Alonso recibi\u00f3 el nombramiento de manos del tambi\u00e9n ex senador Luis Walt\u00f3n Aburto, quien en una reuni\u00f3n con ciudadanos de distintas afiliaciones politicas, dijo confiar en el liderazgo del policito igualteco y en su habilidad y experiencia en campa\u00f1as politicas.<\/p>\n\n\n\n<p>Por su parte, Maz\u00f3n Alonso asegur\u00f3 que es una coordinaci\u00f3n que va m\u00e1s all\u00e1 de partidos pol\u00edticos, porque ser\u00e1n tomados en cuenta ciudadanos de los diferentes partidos y se buscar\u00e1 incrementar el n\u00famero de seguidores de Marcelo Ebrad en todos los municipios de esa zona.<\/p>\n\n\n\n<p>Explic\u00f3 que en ese primer encuentro asistieron militantes de Morena, del PRD, y de otros partidos pol\u00edticos \u00abinteresados a sumarse a un proyecto de naci\u00f3n, no de un partido pol\u00edtico. En estos momentos estamos coordinando e integrando a ciudadanos que quieran participar y no fue una reuni\u00f3n masiva, fueron grupos que invit\u00f3 el ex senador, Luis Walton y en esa reuni\u00f3n me present\u00f3 como coordinador en la regi\u00f3n norte de la precampa\u00f1a de Marcelo Ebrad, que oficialmente arrancar\u00e1 a mediados de junio en Guadalajara para todo el pa\u00eds.<\/p>\n\n\n\n<p>Agreg\u00f3 que el trabajo de la precampa\u00f1a se har\u00e1 en campo, invitando personas que se quieran incorporar a ese proyecto., \u201cestoy haciendo trabajos pol\u00edticos por la persona y sin partidos pol\u00edticos, yo tuve oportunidad de platicar con Marcelo Ebrard hace algunas semanas, y me pidi\u00f3 el respaldo en Iguala y toda la regi\u00f3n norte, y vamos a apoyarlo, estoy apoyando a una persona y no a un partido pol\u00edtico\u201d, enfatiz\u00f3.<\/p>\n\n\n\n<p>Relat\u00f3 que hace muchos a\u00f1os apoyo el proyecto de Andr\u00e9s Manuel L\u00f3pez Obrador y que fue su coordinador y representante de la soberan\u00eda popular en el estado de Guerrero, donde conoci\u00f3 todo el trabajo de Andr\u00e9s Manuel, viaj\u00f3 con \u00e9l, pero lamentablemente dijo que quedo mucha gente oportunista, que jam\u00e1s estuvo en le proyecto de Andr\u00e9s Manuel,<\/p>\n\n\n\n<p>\u201cMuchos de los que ocupan cargos importantes como direcciones, secretarias y hasta diputaciones, se burlaban de nosotros y que solo son oportunista porque el 90 por ciento de los diputados y presidentes municipales no est\u00e1n afiliados a Morena cuando llegaron a sus cargos p\u00fablicos bajo las siglas de Morena\u201d, concluy\u00f3.<\/p>\n","protected":false},"excerpt":{"rendered":"<p>Rosario Garc\u00eda Orozco Chilpancingo, Gro., 25 de mayo del 2022.- La precampa\u00f1a pol\u00edtica de Marcelo Ebrad Casaub\u00f3n como aspirante a la candidatura a presidente de M\u00e9xico por Morena, ser\u00e1 coordinada&hellip; <\/p>\n","protected":false},"author":14,"featured_media":45657,"comment_status":"open","ping_status":"open","sticky":false,"template":"","format":"standard","meta":{"fifu_image_url":"","fifu_image_alt":"","footnotes":""},"categories":[18],"tags":[],"class_list":["post-45656","post","type-post","status-publish","format-standard","has-post-thumbnail","hentry","category-partidos-politicos"],"_links":{"self":[{"href":"https:\/\/www.interaccionnoticias.com.mx\/index.php?rest_route=\/wp\/v2\/posts\/45656","targetHints":{"allow":["GET"]}}],"collection":[{"href":"https:\/\/www.interaccionnoticias.com.mx\/index.php?rest_route=\/wp\/v2\/posts"}],"about":[{"href":"https:\/\/www.interaccionnoticias.com.mx\/index.php?rest_route=\/wp\/v2\/types\/post"}],"author":[{"embeddable":true,"href":"https:\/\/www.interaccionnoticias.com.mx\/index.php?rest_route=\/wp\/v2\/users\/14"}],"replies":[{"embeddable":true,"href":"https:\/\/www.interaccionnoticias.com.mx\/index.php?rest_route=%2Fwp%2Fv2%2Fcomments&post=45656"}],"version-history":[{"count":1,"href":"https:\/\/www.interaccionnoticias.com.mx\/index.php?rest_route=\/wp\/v2\/posts\/45656\/revisions"}],"predecessor-version":[{"id":45658,"href":"https:\/\/www.interaccionnoticias.com.mx\/index.php?rest_route=\/wp\/v2\/posts\/45656\/revisions\/45658"}],"wp:featuredmedia":[{"embeddable":true,"href":"https:\/\/www.interaccionnoticias.com.mx\/index.php?rest_route=\/wp\/v2\/media\/45657"}],"wp:attachment":[{"href":"https:\/\/www.interaccionnoticias.com.mx\/index.php?rest_route=%2Fwp%2Fv2%2Fmedia&parent=45656"}],"wp:term":[{"taxonomy":"category","embeddable":true,"href":"https:\/\/www.interaccionnoticias.com.mx\/index.php?rest_route=%2Fwp%2Fv2%2Fcategories&post=45656"},{"taxonomy":"post_tag","embeddable":true,"href":"https:\/\/www.interaccionnoticias.com.mx\/index.php?rest_route=%2Fwp%2Fv2%2Ftags&post=45656"}],"curies":[{"name":"wp","href":"https:\/\/api.w.org\/{rel}","templated":true}]}}