{"id":45634,"date":"2022-05-25T12:57:09","date_gmt":"2022-05-25T17:57:09","guid":{"rendered":"https:\/\/interaccionnoticias.com.mx\/?p=45634"},"modified":"2022-05-25T12:57:14","modified_gmt":"2022-05-25T17:57:14","slug":"inminente-la-impugnacion-de-las-reformas-que-desmantelan-a-las-policias-comunitarias-de-guerrero","status":"publish","type":"post","link":"https:\/\/www.interaccionnoticias.com.mx\/?p=45634","title":{"rendered":"Inminente, la impugnaci\u00f3n de las reformas que desmantelan a las polic\u00edas comunitarias de Guerrero"},"content":{"rendered":"\n<p>&#8212; \u00bfQu\u00e9 es eso? Dice director de Tlachinollan al referirse a la creaci\u00f3n de la \u201cPolic\u00eda Ind\u00edgena y de los Pueblos Afromexicanos\u201d<\/p>\n\n\n\n<p>Rogelio Agust\u00edn<\/p>\n\n\n\n<p>\u00bfQu\u00e9 es eso? Cuestion\u00f3 Abel Barrera Hern\u00e1ndez, director del Centro de Derechos Humanos de la Monta\u00f1a, al referirse a la figura de la Polic\u00eda Ind\u00edgena, creada en el Congreso local para sustituir a la Polic\u00eda Comunitaria y desmantelar su sistema de reeducaci\u00f3n, lo que hace inminente la impugnaci\u00f3n ante la Suprema Corte de Justicia de la Naci\u00f3n (SCJN).<br>V\u00eda telef\u00f3nica, Barrera Hern\u00e1ndez consider\u00f3 que el Congreso de Guerrero no cumpli\u00f3 con la sentencia emitida por la SCJN en 2021, respecto a la necesidad de ir a consultar a los pueblos originarios y afromexicanos de Guerrero, sobre las reformas que impacten sus formas de vida y organizaci\u00f3n.<br>\u201cEn realidad los pueblos ind\u00edgenas quedaron relegados y supeditados porque se legisl\u00f3 de espaldas a las comunidades, la consulta la hicieron a su modo, hubo mucha simulaci\u00f3n, hicieron reuniones y no asambleas, los documentos los redactaron todos en espa\u00f1ol\u201d, asegur\u00f3.<br>Lo que se hizo, de acuerdo con el director de Tlachinollan fue privilegiar los intereses de los grupos de poder, representados en el Congreso a trav\u00e9s de las fracciones parlamentarias y representaciones de partido.<br>A manera de ejemplo, destac\u00f3 que en el art\u00edculo 14 de la Constituci\u00f3n Pol\u00edtica del Estado se tira por la borda todo lo que se hab\u00eda logrado en legislaciones anteriores.<br>A las polic\u00edas comunitarias, reproch\u00f3 que se les deja como simples auxiliares de las instituciones del Estado, cuando la raz\u00f3n del surgimiento de los sistemas alternativos, es la corrupci\u00f3n y los abusos cometidos por las corporaciones policiacas tradicionales.<br>En la sesi\u00f3n del d\u00eda martes 24 de mayo, sostuvo que lo que se observ\u00f3, fue como todos los partidos pol\u00edticos, incluida la bancada de Morena cerraron filas en torno a los dict\u00e1menes pr\u00e1cticamente a ciegas, sin tener un conocimiento de fondo.<br>Las reformas al art\u00edculo 14 y la Ley 701, dijo que son regresivas, racistas y etnoc\u00e9ntricas, porque solamente reconocen el Derecho positivo y dejan completamente de lado, borra los derechos de los pueblos ind\u00edgenas, reconocidos en el Derecho Internacional.<br>Por eso cuestion\u00f3: \u00bfQu\u00e9 es eso? Cuando se refiri\u00f3 a la creaci\u00f3n de la Polic\u00eda Ind\u00edgena y Afromexicana, reconocida ahora en la Ley 701, pues se\u00f1ala que la nueva legislaci\u00f3n trata de borrar todo el trabajo hecho por los pueblos originarios, desde hace m\u00e1s de 27 a\u00f1os para sustentar a sus polic\u00edas comunitarias.<br>En ese contexto, destac\u00f3 que no hay m\u00e1s alternativa que ir a la impugnaci\u00f3n ante la Suprema Corte de Justicia de la Naci\u00f3n (SCJN), donde ya se han generado serios descalabros para el Congreso de Guerrero, lo que deja en claro que los diputados locales \u201cno aprenden\u201d.<br><\/p>\n","protected":false},"excerpt":{"rendered":"<p>&#8212; \u00bfQu\u00e9 es eso? Dice director de Tlachinollan al referirse a la creaci\u00f3n de la \u201cPolic\u00eda Ind\u00edgena y de los Pueblos Afromexicanos\u201d Rogelio Agust\u00edn \u00bfQu\u00e9 es eso? Cuestion\u00f3 Abel Barrera&hellip; <\/p>\n","protected":false},"author":21,"featured_media":45636,"comment_status":"open","ping_status":"open","sticky":false,"template":"","format":"standard","meta":{"fifu_image_url":"","fifu_image_alt":"","footnotes":""},"categories":[2],"tags":[],"class_list":["post-45634","post","type-post","status-publish","format-standard","has-post-thumbnail","hentry","category-congreso"],"_links":{"self":[{"href":"https:\/\/www.interaccionnoticias.com.mx\/index.php?rest_route=\/wp\/v2\/posts\/45634","targetHints":{"allow":["GET"]}}],"collection":[{"href":"https:\/\/www.interaccionnoticias.com.mx\/index.php?rest_route=\/wp\/v2\/posts"}],"about":[{"href":"https:\/\/www.interaccionnoticias.com.mx\/index.php?rest_route=\/wp\/v2\/types\/post"}],"author":[{"embeddable":true,"href":"https:\/\/www.interaccionnoticias.com.mx\/index.php?rest_route=\/wp\/v2\/users\/21"}],"replies":[{"embeddable":true,"href":"https:\/\/www.interaccionnoticias.com.mx\/index.php?rest_route=%2Fwp%2Fv2%2Fcomments&post=45634"}],"version-history":[{"count":1,"href":"https:\/\/www.interaccionnoticias.com.mx\/index.php?rest_route=\/wp\/v2\/posts\/45634\/revisions"}],"predecessor-version":[{"id":45637,"href":"https:\/\/www.interaccionnoticias.com.mx\/index.php?rest_route=\/wp\/v2\/posts\/45634\/revisions\/45637"}],"wp:featuredmedia":[{"embeddable":true,"href":"https:\/\/www.interaccionnoticias.com.mx\/index.php?rest_route=\/wp\/v2\/media\/45636"}],"wp:attachment":[{"href":"https:\/\/www.interaccionnoticias.com.mx\/index.php?rest_route=%2Fwp%2Fv2%2Fmedia&parent=45634"}],"wp:term":[{"taxonomy":"category","embeddable":true,"href":"https:\/\/www.interaccionnoticias.com.mx\/index.php?rest_route=%2Fwp%2Fv2%2Fcategories&post=45634"},{"taxonomy":"post_tag","embeddable":true,"href":"https:\/\/www.interaccionnoticias.com.mx\/index.php?rest_route=%2Fwp%2Fv2%2Ftags&post=45634"}],"curies":[{"name":"wp","href":"https:\/\/api.w.org\/{rel}","templated":true}]}}