{"id":45571,"date":"2022-05-24T11:10:46","date_gmt":"2022-05-24T16:10:46","guid":{"rendered":"https:\/\/interaccionnoticias.com.mx\/?p=45571"},"modified":"2022-05-24T11:10:51","modified_gmt":"2022-05-24T16:10:51","slug":"yoselin-patricio-fue-salvada-de-posible-trata-de-personas","status":"publish","type":"post","link":"https:\/\/www.interaccionnoticias.com.mx\/?p=45571","title":{"rendered":"Yoselin Patricio fue salvada de posible trata de personas"},"content":{"rendered":"\n<p><strong><em>&#8212; El senador Manuel A\u00f1orve sostiene que la forma en que se le priv\u00f3 de la libertad, es la que utilizan grupos criminales dedicados a la explotaci\u00f3n sexual<\/em><\/strong><\/p>\n\n\n\n<p><strong>Rogelio Agust\u00edn<\/strong><\/p>\n\n\n\n<p>La movilizaci\u00f3n social y el despliegue policiaco salvaron a la menor Yoselin Patricio de un probable caso de trata de personas, sostuvo el senador Manuel A\u00f1orve Ba\u00f1os.<\/p>\n\n\n\n<p>V\u00eda telef\u00f3nica, A\u00f1orve Ba\u00f1os sostuvo que la forma en la que fue privada de la libertad la estudiante del CECyTEG en el puerto de Acapulco, es la que utilizan grupos dedicados a la explotaci\u00f3n sexual de mujeres, en muchos casos las v\u00edctimas son menores de edad.<\/p>\n\n\n\n<p>Por esa raz\u00f3n, salud\u00f3 la fuerza con la que se desplegaron familiares, amigos, maestros y compa\u00f1eros de escuela de la menor de edad, as\u00ed como el despliegue ordenado por la Mesa Central para la Construcci\u00f3n de la Paz, con la gobernadora Evelyn Salgado Pineda al frente.<\/p>\n\n\n\n<p>El de Yosel\u00edn, indic\u00f3 el senador A\u00f1orve Ba\u00f1os, no es el primer caso que se reporta, hay m\u00e1s, pero no han tenido la fuerza medi\u00e1tica que provocaron las protestas ciudadanas y el dialogo con las autoridades estatales.<\/p>\n\n\n\n<p>Varios asuntos se han resuelto, sin que se den a conocer, por lo delicado de los casos y porque las familias piden mantener a salvo la integridad de las v\u00edctimas.<\/p>\n\n\n\n<p>El conocimiento de esos casos, dijo que se debe a que junto con su esposa, la diputada Julieta Fern\u00e1ndez M\u00e1rquez, coordinan una Asociaci\u00f3n Civil que desde hace varios a\u00f1os se dedica a rescatar a mujeres que han sido v\u00edctimas de trata y explotaci\u00f3n sexual.<\/p>\n\n\n\n<p>Refiri\u00f3 que son varios los casos en los que han logrado la recuperaci\u00f3n de sobrevivientes, a las que les han dado el seguimiento hasta asegurarse de que puedan rehacer sus vidas.<\/p>\n\n\n\n<p>Por esa raz\u00f3n, dijo que el caso de Yosel\u00edn no se debe trivializar y se tiene que manejar con la importancia que tiene, porque pr\u00e1cticamente se le rescat\u00f3 de personas que pudieron alterar su vida de manera muy negativa.<\/p>\n\n\n\n<p>Llam\u00f3 a no politizar ese tipo de asuntos y s\u00ed, estar alertas para evitar que m\u00e1s mujeres, muchas de ellas ni\u00f1as caigan en las manos de las bandas criminales que se dedican a la explotaci\u00f3n sexual de las v\u00edctimas, pues el fen\u00f3meno tiene un alcance global.<\/p>\n","protected":false},"excerpt":{"rendered":"<p>&#8212; El senador Manuel A\u00f1orve sostiene que la forma en que se le priv\u00f3 de la libertad, es la que utilizan grupos criminales dedicados a la explotaci\u00f3n sexual Rogelio Agust\u00edn&hellip; <\/p>\n","protected":false},"author":21,"featured_media":45572,"comment_status":"open","ping_status":"open","sticky":false,"template":"","format":"standard","meta":{"fifu_image_url":"","fifu_image_alt":"","footnotes":""},"categories":[11],"tags":[],"class_list":["post-45571","post","type-post","status-publish","format-standard","has-post-thumbnail","hentry","category-guerrero"],"_links":{"self":[{"href":"https:\/\/www.interaccionnoticias.com.mx\/index.php?rest_route=\/wp\/v2\/posts\/45571","targetHints":{"allow":["GET"]}}],"collection":[{"href":"https:\/\/www.interaccionnoticias.com.mx\/index.php?rest_route=\/wp\/v2\/posts"}],"about":[{"href":"https:\/\/www.interaccionnoticias.com.mx\/index.php?rest_route=\/wp\/v2\/types\/post"}],"author":[{"embeddable":true,"href":"https:\/\/www.interaccionnoticias.com.mx\/index.php?rest_route=\/wp\/v2\/users\/21"}],"replies":[{"embeddable":true,"href":"https:\/\/www.interaccionnoticias.com.mx\/index.php?rest_route=%2Fwp%2Fv2%2Fcomments&post=45571"}],"version-history":[{"count":1,"href":"https:\/\/www.interaccionnoticias.com.mx\/index.php?rest_route=\/wp\/v2\/posts\/45571\/revisions"}],"predecessor-version":[{"id":45573,"href":"https:\/\/www.interaccionnoticias.com.mx\/index.php?rest_route=\/wp\/v2\/posts\/45571\/revisions\/45573"}],"wp:featuredmedia":[{"embeddable":true,"href":"https:\/\/www.interaccionnoticias.com.mx\/index.php?rest_route=\/wp\/v2\/media\/45572"}],"wp:attachment":[{"href":"https:\/\/www.interaccionnoticias.com.mx\/index.php?rest_route=%2Fwp%2Fv2%2Fmedia&parent=45571"}],"wp:term":[{"taxonomy":"category","embeddable":true,"href":"https:\/\/www.interaccionnoticias.com.mx\/index.php?rest_route=%2Fwp%2Fv2%2Fcategories&post=45571"},{"taxonomy":"post_tag","embeddable":true,"href":"https:\/\/www.interaccionnoticias.com.mx\/index.php?rest_route=%2Fwp%2Fv2%2Ftags&post=45571"}],"curies":[{"name":"wp","href":"https:\/\/api.w.org\/{rel}","templated":true}]}}