{"id":45569,"date":"2022-05-24T10:59:50","date_gmt":"2022-05-24T15:59:50","guid":{"rendered":"https:\/\/interaccionnoticias.com.mx\/?p=45569"},"modified":"2022-05-24T10:59:54","modified_gmt":"2022-05-24T15:59:54","slug":"congreso-prepara-una-traicion-a-los-pueblos-indigenas-y-afromexicanos","status":"publish","type":"post","link":"https:\/\/www.interaccionnoticias.com.mx\/?p=45569","title":{"rendered":"Congreso prepara una \u201ctraici\u00f3n\u201d a los pueblos ind\u00edgenas y afromexicanos"},"content":{"rendered":"\n<p><strong><em>&#8212; El abogado Vidulfo Rosales Sierra advierte que la impugnaci\u00f3n es obligatoria<br>&#8212; La Ley 701 tiene una perspectiva colonialista, sostiene<\/em><\/strong><\/p>\n\n\n\n<p><strong>Rogelio Agust\u00edn<\/strong><\/p>\n\n\n\n<p>\u201cLos diputados del Congreso local, incluida la fracci\u00f3n parlamentaria de Morena, est\u00e1n por cometer un acto de traici\u00f3n a los pueblos ind\u00edgenas y afromexicanos\u201d, advirti\u00f3 el abogado Vidulfo Rosales Sierra.<\/p>\n\n\n\n<p>Rosales Sierra se\u00f1al\u00f3 que si los integrantes de la 63 Legislatura local aprueban la reforma al art\u00edculo 14 de la Constituci\u00f3n Pol\u00edtica del Estado, as\u00ed como la Ley 701 en los t\u00e9rminos en que manejan las comisiones dictaminadoras, estar\u00e1n dando la espalda a m\u00e1s de 27 a\u00f1os de historia.<\/p>\n\n\n\n<p>Indic\u00f3 que los representantes populares de Guerrero se resisten a reconocer que en Guerrero y el pa\u00eds exist\u00eda una civilizaci\u00f3n mucho antes de la etapa de la colonizaci\u00f3n, la cual ha prevalecido pese a muchos intentos de aniquilaci\u00f3n.<\/p>\n\n\n\n<p>\u201cLos diputados deben quitarse esa perspectiva colonial, esas democracias que reivindican no corresponden a los pueblos originarios, por eso las reformas que plantean se encuentran sumamente acotadas, porque en ellas se desconoce la libre determinaci\u00f3n de los pueblos\u201d, anot\u00f3.<\/p>\n\n\n\n<p>Dijo que al no mencionar la existencia de la Polic\u00eda Comunitaria, ni reconocer el proceso de reeducaci\u00f3n como una forma de sancionar los delitos en los pueblos originarios, se desconoce la libre determinaci\u00f3n de los pueblos originarios y afromexicanos de Guerrero, por lo que no deja m\u00e1s alternativa que ir a la impugnaci\u00f3n.<\/p>\n\n\n\n<p>\u201cSi aprueban lo que ya se maneja, lo que estaremos viendo es una traici\u00f3n de los diputados a los pueblos ind\u00edgenas, ah\u00ed notamos que Morena no est\u00e1 siendo el contrapeso que nosotros esper\u00e1bamos en la sociedad\u201d, destac\u00f3.<\/p>\n\n\n\n<p>Record\u00f3 que los diputados no pueden borrar con un dictamen un sistema de seguridad y justicia que funciona desde 1995 en m\u00e1s de 300 comunidades, tanto de la Monta\u00f1a como en la Costa Chica y parte de la regi\u00f3n Centro.<\/p>\n\n\n\n<p>Sostuvo que reconocer a la Coordinadora Regional de Autoridades Comunitarias (CRAC), implica blindar al estado del surgimiento de grupos de civiles armados que carecen de un reglamento interno, que no tienen el aval de sus pueblos y que peligrosamente pueden estar relacionados por el crimen organizado.<\/p>\n","protected":false},"excerpt":{"rendered":"<p>&#8212; El abogado Vidulfo Rosales Sierra advierte que la impugnaci\u00f3n es obligatoria&#8212; La Ley 701 tiene una perspectiva colonialista, sostiene Rogelio Agust\u00edn \u201cLos diputados del Congreso local, incluida la fracci\u00f3n&hellip; <\/p>\n","protected":false},"author":21,"featured_media":43116,"comment_status":"open","ping_status":"open","sticky":false,"template":"","format":"standard","meta":{"fifu_image_url":"","fifu_image_alt":"","footnotes":""},"categories":[15],"tags":[],"class_list":["post-45569","post","type-post","status-publish","format-standard","has-post-thumbnail","hentry","category-movimientos-sociales"],"_links":{"self":[{"href":"https:\/\/www.interaccionnoticias.com.mx\/index.php?rest_route=\/wp\/v2\/posts\/45569","targetHints":{"allow":["GET"]}}],"collection":[{"href":"https:\/\/www.interaccionnoticias.com.mx\/index.php?rest_route=\/wp\/v2\/posts"}],"about":[{"href":"https:\/\/www.interaccionnoticias.com.mx\/index.php?rest_route=\/wp\/v2\/types\/post"}],"author":[{"embeddable":true,"href":"https:\/\/www.interaccionnoticias.com.mx\/index.php?rest_route=\/wp\/v2\/users\/21"}],"replies":[{"embeddable":true,"href":"https:\/\/www.interaccionnoticias.com.mx\/index.php?rest_route=%2Fwp%2Fv2%2Fcomments&post=45569"}],"version-history":[{"count":1,"href":"https:\/\/www.interaccionnoticias.com.mx\/index.php?rest_route=\/wp\/v2\/posts\/45569\/revisions"}],"predecessor-version":[{"id":45570,"href":"https:\/\/www.interaccionnoticias.com.mx\/index.php?rest_route=\/wp\/v2\/posts\/45569\/revisions\/45570"}],"wp:featuredmedia":[{"embeddable":true,"href":"https:\/\/www.interaccionnoticias.com.mx\/index.php?rest_route=\/wp\/v2\/media\/43116"}],"wp:attachment":[{"href":"https:\/\/www.interaccionnoticias.com.mx\/index.php?rest_route=%2Fwp%2Fv2%2Fmedia&parent=45569"}],"wp:term":[{"taxonomy":"category","embeddable":true,"href":"https:\/\/www.interaccionnoticias.com.mx\/index.php?rest_route=%2Fwp%2Fv2%2Fcategories&post=45569"},{"taxonomy":"post_tag","embeddable":true,"href":"https:\/\/www.interaccionnoticias.com.mx\/index.php?rest_route=%2Fwp%2Fv2%2Ftags&post=45569"}],"curies":[{"name":"wp","href":"https:\/\/api.w.org\/{rel}","templated":true}]}}