{"id":45524,"date":"2022-05-23T16:13:06","date_gmt":"2022-05-23T21:13:06","guid":{"rendered":"https:\/\/interaccionnoticias.com.mx\/?p=45524"},"modified":"2022-05-23T16:13:10","modified_gmt":"2022-05-23T21:13:10","slug":"lider-parlamentario-del-pri-reconoce-importancia-de-la-movilizacion-social-en-caso-de-yoselin-patricio","status":"publish","type":"post","link":"https:\/\/www.interaccionnoticias.com.mx\/?p=45524","title":{"rendered":"L\u00edder parlamentario del PRI reconoce importancia de la movilizaci\u00f3n social en caso de Yosel\u00edn Patricio"},"content":{"rendered":"\n<p><strong><em>&#8212; H\u00e9ctor Apreza sostiene que cuando es para casos como ese, la movilizaci\u00f3n ciudadana est\u00e1 justificada<\/em><\/strong><\/p>\n\n\n\n<p><strong>Rogelio Agust\u00edn<\/strong><\/p>\n\n\n\n<p>El coordinador de los diputados del PRI, H\u00e9ctor Apreza Patr\u00f3n salud\u00f3 el hecho de qu\u00e9 a partir de la movilizaci\u00f3n ciudadana, las corporaciones de los tres niveles de gobierno se hayan desplegado para facilitar la liberaci\u00f3n con vida de Yoselin Patricio, la menor privada de la libertad la ma\u00f1ana del viernes 20 de mayo en Acapulco.<\/p>\n\n\n\n<p>Apreza record\u00f3 que la Seguridad P\u00fablica es una responsabilidad que tienen los tres \u00f3rdenes de gobierno, mismos que todos los d\u00edas analizan la problem\u00e1tica que se enfrenta en las sesiones de la Mesa Central para la Construcci\u00f3n de la Paz.<\/p>\n\n\n\n<p>En varios casos, dijo que est\u00e1 demostrado que la movilizaci\u00f3n social ayuda en mucho, para que los tres niveles de gobierno hagan el trabajo que les corresponde.<\/p>\n\n\n\n<p>En esa parte, dijo que resulta sumamente positivo que se haya localizado con vida a la menor de 16 a\u00f1os de edad, porque ahora ya est\u00e1 de regreso con su familia, despu\u00e9s de 48 horas de incertidumbre.<\/p>\n\n\n\n<p>En ese sentido, destac\u00f3 que hay quienes consideran que la situaci\u00f3n de la mujer puede mejorar a partir de la creaci\u00f3n de nuevas leyes, o de la adecuaci\u00f3n de las que actualmente existen, lo que en algunos casos puede tener varios elementos de veracidad.<\/p>\n\n\n\n<p>Sin embargo, destac\u00f3 que las condiciones de vida de las mujeres se mejoran tambi\u00e9n cuando se hace lo necesario para respetar el marco legal ya existente, cuidando que las instituciones no descuiden el ejercicio de sus responsabilidades.<\/p>\n\n\n\n<p>\u201cEn el caso de las mujeres de Guerrero, existe un abandono sistem\u00e1tico de todos los programas sociales que estaban destinadas para protegerlas y procurar su desarrollo, varios de ellos desaparecieron y muchas mujeres; prefesionistas y amas de casa perdieron apoyos importantes, lo que se debe revisar entres los tres \u00f3rdenes de gobierno\u201d, asever\u00f3.<\/p>\n\n\n\n<p>En el caso de la joven Yosel\u00edn, destac\u00f3 que fue la movilizaci\u00f3n ciudadana la que oblig\u00f3 a las autoridades a realizar una b\u00fasqueda intensa, hasta que se le recuper\u00f3 con vida.<\/p>\n\n\n\n<p>Y destac\u00f3: \u201cLa movilizaci\u00f3n ciudadana, cuando es para el bien de la sociedad ayuda en mucho\u201d.<\/p>\n","protected":false},"excerpt":{"rendered":"<p>&#8212; H\u00e9ctor Apreza sostiene que cuando es para casos como ese, la movilizaci\u00f3n ciudadana est\u00e1 justificada Rogelio Agust\u00edn El coordinador de los diputados del PRI, H\u00e9ctor Apreza Patr\u00f3n salud\u00f3 el&hellip; <\/p>\n","protected":false},"author":21,"featured_media":45525,"comment_status":"open","ping_status":"open","sticky":false,"template":"","format":"standard","meta":{"fifu_image_url":"","fifu_image_alt":"","footnotes":""},"categories":[18],"tags":[],"class_list":["post-45524","post","type-post","status-publish","format-standard","has-post-thumbnail","hentry","category-partidos-politicos"],"_links":{"self":[{"href":"https:\/\/www.interaccionnoticias.com.mx\/index.php?rest_route=\/wp\/v2\/posts\/45524","targetHints":{"allow":["GET"]}}],"collection":[{"href":"https:\/\/www.interaccionnoticias.com.mx\/index.php?rest_route=\/wp\/v2\/posts"}],"about":[{"href":"https:\/\/www.interaccionnoticias.com.mx\/index.php?rest_route=\/wp\/v2\/types\/post"}],"author":[{"embeddable":true,"href":"https:\/\/www.interaccionnoticias.com.mx\/index.php?rest_route=\/wp\/v2\/users\/21"}],"replies":[{"embeddable":true,"href":"https:\/\/www.interaccionnoticias.com.mx\/index.php?rest_route=%2Fwp%2Fv2%2Fcomments&post=45524"}],"version-history":[{"count":1,"href":"https:\/\/www.interaccionnoticias.com.mx\/index.php?rest_route=\/wp\/v2\/posts\/45524\/revisions"}],"predecessor-version":[{"id":45526,"href":"https:\/\/www.interaccionnoticias.com.mx\/index.php?rest_route=\/wp\/v2\/posts\/45524\/revisions\/45526"}],"wp:featuredmedia":[{"embeddable":true,"href":"https:\/\/www.interaccionnoticias.com.mx\/index.php?rest_route=\/wp\/v2\/media\/45525"}],"wp:attachment":[{"href":"https:\/\/www.interaccionnoticias.com.mx\/index.php?rest_route=%2Fwp%2Fv2%2Fmedia&parent=45524"}],"wp:term":[{"taxonomy":"category","embeddable":true,"href":"https:\/\/www.interaccionnoticias.com.mx\/index.php?rest_route=%2Fwp%2Fv2%2Fcategories&post=45524"},{"taxonomy":"post_tag","embeddable":true,"href":"https:\/\/www.interaccionnoticias.com.mx\/index.php?rest_route=%2Fwp%2Fv2%2Ftags&post=45524"}],"curies":[{"name":"wp","href":"https:\/\/api.w.org\/{rel}","templated":true}]}}