{"id":45488,"date":"2022-05-22T21:39:32","date_gmt":"2022-05-23T02:39:32","guid":{"rendered":"https:\/\/interaccionnoticias.com.mx\/?p=45488"},"modified":"2022-05-22T21:39:37","modified_gmt":"2022-05-23T02:39:37","slug":"ahora-van-a-querer-legalizar-el-aborto-advierte-el-obispo-de-chilpancingo","status":"publish","type":"post","link":"https:\/\/www.interaccionnoticias.com.mx\/?p=45488","title":{"rendered":"\u201cAhora van a querer legalizar el aborto\u201d, advierte el obispo de Chilpancingo"},"content":{"rendered":"\n<p><strong><em>&#8212; Advierte que vienen m\u00e1s acciones de protesta, esperan que tengan m\u00e1s fuerza<\/em><\/strong><\/p>\n\n\n\n<p><strong>Rogelio Agust\u00edn<\/strong><\/p>\n\n\n\n<p>El obispo de la Di\u00f3cesis Chilpancingo-Chilapa, Jos\u00e9 de Jes\u00fas Gonz\u00e1lez Hern\u00e1ndez advirti\u00f3 que una vez despenalizado el aborto en Guerrero, ahora el riesgo es que se promueva la legalizaci\u00f3n del mismo, por lo que advirti\u00f3, la iglesia tendr\u00e1 que movilizarse con mayor determinaci\u00f3n.<\/p>\n\n\n\n<p>Tras la misa dominical de este domingo, el obispo Gonz\u00e1lez Hern\u00e1ndez explic\u00f3 que de manera inicial, se debe tener la certeza de que la Constituci\u00f3n General de la Rep\u00fablica plantea la defensa del derecho a la vida, de tal suerte que cuando de atenta contra la misma, hay una penalizaci\u00f3n que se debe de pagar.<\/p>\n\n\n\n<p>En el caso del aborto, indic\u00f3 que ya se despenaliz\u00f3, lo que implica que no existe sanci\u00f3n, pero insisti\u00f3 en que \u201csigue siendo una falta, un crimen y genera una culpabilidad\u201d.<\/p>\n\n\n\n<p>Enfatiz\u00f3: \u201cLo que ahora pasa es que ya no hay quien te castigue, pero el delito sigue, el crimen prevalece, la persona que lo comete es culpable, nada m\u00e1s que ya le quitaron la penalidad\u201d.<\/p>\n\n\n\n<p>Dijo a los feligreses de la iglesia cat\u00f3lica que no deben cometer un aborto, puesto que sigue siendo un delito, sigue siendo un crimen.<\/p>\n\n\n\n<p>\u201cQue no nos vayan a decir que ya est\u00e1 legalizado porque no es as\u00ed; est\u00e1 despenalizado pero sigue siendo un delito\u201d, anot\u00f3.<\/p>\n\n\n\n<p>El riesgo que se plantea ahora, es que se pueda promover la legalizaci\u00f3n del aborto, situaci\u00f3n que provocar\u00eda que se movilizara la iglesia, por tratarse de una ley civil.<\/p>\n\n\n\n<p>\u201cNo es posible que ahora los gobiernos busquen legalizar el aborto, si para all\u00e1 van, pues la iglesia deber\u00eda de hacer m\u00e1s conciencia entre la sociedad para que no se permita\u201d, anot\u00f3.<\/p>\n\n\n\n<p>De hecho, dijo que de su parte, tendr\u00eda que hacer un ejercicio de conciencia entre la poblaci\u00f3n, `para que no se apruebe una legalizaci\u00f3n del aborto.<\/p>\n\n\n\n<p>Indic\u00f3 que la Di\u00f3cesis apenas ha comenzado a trabajar sobre el tema, para que los fieles tengan la instrucci\u00f3n completa sobre el tema.<\/p>\n\n\n\n<p>\u201cNo pueden de ah\u00ed querer confundir y decir que ya est\u00f1a ligalizado el aborto, es cierto que pensamos que para all\u00f1a van, pues tendremos que levantarnos y protestar\u201d, reiter\u00f3.<\/p>\n\n\n\n<p>Aclar\u00f3 que las movilizaciones ser\u00edan pac\u00edficas, aunque con m\u00e1s insistencia y con mayor instrucci\u00f3n.<\/p>\n\n\n\n<p>Lo que se buscar\u00eda es que las movilizaciones tengan una mayor participaci\u00f3n, porque admiti\u00f3 que en el momento de la despenalizacion eran pocos los que protestaron.<\/p>\n\n\n\n<p>\u201cSe trata de haver ori la voz de los m\u00e1s posibles, para que ya se bloquee esa l\u00ednea\u201d, destac\u00f3.<\/p>\n","protected":false},"excerpt":{"rendered":"<p>&#8212; Advierte que vienen m\u00e1s acciones de protesta, esperan que tengan m\u00e1s fuerza Rogelio Agust\u00edn El obispo de la Di\u00f3cesis Chilpancingo-Chilapa, Jos\u00e9 de Jes\u00fas Gonz\u00e1lez Hern\u00e1ndez advirti\u00f3 que una vez&hellip; <\/p>\n","protected":false},"author":21,"featured_media":44146,"comment_status":"open","ping_status":"open","sticky":false,"template":"","format":"standard","meta":{"fifu_image_url":"","fifu_image_alt":"","footnotes":""},"categories":[29],"tags":[],"class_list":["post-45488","post","type-post","status-publish","format-standard","has-post-thumbnail","hentry","category-sociedad"],"_links":{"self":[{"href":"https:\/\/www.interaccionnoticias.com.mx\/index.php?rest_route=\/wp\/v2\/posts\/45488","targetHints":{"allow":["GET"]}}],"collection":[{"href":"https:\/\/www.interaccionnoticias.com.mx\/index.php?rest_route=\/wp\/v2\/posts"}],"about":[{"href":"https:\/\/www.interaccionnoticias.com.mx\/index.php?rest_route=\/wp\/v2\/types\/post"}],"author":[{"embeddable":true,"href":"https:\/\/www.interaccionnoticias.com.mx\/index.php?rest_route=\/wp\/v2\/users\/21"}],"replies":[{"embeddable":true,"href":"https:\/\/www.interaccionnoticias.com.mx\/index.php?rest_route=%2Fwp%2Fv2%2Fcomments&post=45488"}],"version-history":[{"count":1,"href":"https:\/\/www.interaccionnoticias.com.mx\/index.php?rest_route=\/wp\/v2\/posts\/45488\/revisions"}],"predecessor-version":[{"id":45489,"href":"https:\/\/www.interaccionnoticias.com.mx\/index.php?rest_route=\/wp\/v2\/posts\/45488\/revisions\/45489"}],"wp:featuredmedia":[{"embeddable":true,"href":"https:\/\/www.interaccionnoticias.com.mx\/index.php?rest_route=\/wp\/v2\/media\/44146"}],"wp:attachment":[{"href":"https:\/\/www.interaccionnoticias.com.mx\/index.php?rest_route=%2Fwp%2Fv2%2Fmedia&parent=45488"}],"wp:term":[{"taxonomy":"category","embeddable":true,"href":"https:\/\/www.interaccionnoticias.com.mx\/index.php?rest_route=%2Fwp%2Fv2%2Fcategories&post=45488"},{"taxonomy":"post_tag","embeddable":true,"href":"https:\/\/www.interaccionnoticias.com.mx\/index.php?rest_route=%2Fwp%2Fv2%2Ftags&post=45488"}],"curies":[{"name":"wp","href":"https:\/\/api.w.org\/{rel}","templated":true}]}}