{"id":45482,"date":"2022-05-22T19:24:27","date_gmt":"2022-05-23T00:24:27","guid":{"rendered":"https:\/\/interaccionnoticias.com.mx\/?p=45482"},"modified":"2022-05-22T19:24:32","modified_gmt":"2022-05-23T00:24:32","slug":"denuncia-felix-salgado-que-hubo-carroneros-politicos-durante-la-desaparicion-de-yoselin","status":"publish","type":"post","link":"https:\/\/www.interaccionnoticias.com.mx\/?p=45482","title":{"rendered":"Denuncia F\u00e9lix Salgado que hubo \u201ccarro\u00f1eros pol\u00edticos\u201d durante la desaparici\u00f3n de Yosel\u00edn"},"content":{"rendered":"\n<p><strong><em>&#8212; \u201cLe apostaban a que no hubiera Tianguis Turistico\u201d, acusa F\u00e9lix Salgado<br>&#8212; \u201cNo est\u00e1s sola\u201d, le dicen a la gobernadora sus simpatizantes<\/em><\/strong><\/p>\n\n\n\n<p><strong>Rogelio Agust\u00edn<\/strong><\/p>\n\n\n\n<p>El senador F\u00e9lix Salgado Macedonio reproch\u00f3 que hubo quienes actuaron como verdaderos \u201ccarro\u00f1eros pol\u00edticos\u201d durante las 48 horas de crisis que generaron la privaci\u00f3n de la libertad de la menor Yosel\u00edn Patricio, quien la ma\u00f1ana del domingo regres\u00f3 sana y salva a su domicilio.<\/p>\n\n\n\n<p>Salgado Macedonio suspendi\u00f3 una gira de actividades que ten\u00eda programada para este domingo en la regi\u00f3n de la Monta\u00f1a, lo que dio a conocer la noche del s\u00f1abado 21 de mayo a trav\u00e9s de sus redes sociales.<\/p>\n\n\n\n<p>La intenci\u00f3n del ex candidato a la gubernatura, era tomar parte de una brigada de b\u00fasqueda que se realizar\u00eda este domingo, en la zona en que la joven fue trepada con violencia a un veh\u00edculo compacto por al menos dos hombres armados.<\/p>\n\n\n\n<p>Sin embargo, no fue necesario que se desplegaran los trabajos de b\u00fasqueda, ya que muy temprano se dio a conocer que Yosel\u00edn ya estaba de regreso con su familia y que en el transcurso de la ma\u00f1ana realizar\u00eda algunos papeleos con la Fiscal\u00eda General del Estado (FGE), para poder dar por cerrado dicho cap\u00edtulo.<\/p>\n\n\n\n<p>Salgado Macedonio se traslad\u00f3 a Chilpancingo para reunirse con seguidores de la regi\u00f3n Centro en el Jard\u00edn del Toro, que en su momento hizo la funci\u00f3n de casa de campa\u00f1a.<\/p>\n\n\n\n<p>Ah\u00ed, el representante popular llam\u00f3 \u201ccarro\u00f1eros pol\u00edticos\u201d quienes dijo, se hicieron presentes y comenzaron a politizar el asunto.<\/p>\n\n\n\n<p>\u201cFijense ustedes, comenzaro a politizar el asunto pero se les cay\u00f3 el teatrito\u2026 hay gobernadora\u201d, indic\u00f3.<\/p>\n\n\n\n<p>Reproch\u00f3 que haya \u201ccorazones perversos\u201d que hagan pol\u00edtica con el dolor de las personas.<\/p>\n\n\n\n<p>De acuerdo con el dirigente, \u201clos contras\u201d le apostaban a que la crisis que se gener\u00f3 por la privaci\u00f3n de la libertad de Yosel\u00edn, tendr\u00eda consecuencias como la cancelaci\u00f3n del Tianguis Tur\u00edstico, que es la principal actividad del Gobierno de Guerrero en la semana que inicia.<\/p>\n\n\n\n<p>Dijo que hubo quienes gritaron a la gobernadora Evelyn Salgado Pineda, cuando se present\u00f3 a dialigart con los familiares y amigos que permanec\u00edan plantados en Paso Limonero, a los que gritaron groser\u00edas se le refiri\u00f3 como \u201ccobardes\u201d.<\/p>\n\n\n\n<p>Indic\u00f3: \u201cYo les digo algo; a una mujer no se le grita ni se le maltrata, a la mujer se le respeta, Guerrero se tiene que convertir en el santuario de la mujer\u201d.<\/p>\n\n\n\n<p>En adelante, destac\u00f3 que no debe haber mujeres golpeadas ni desaparecidas en la entidad, que ahora es gobernada por una mujer.<\/p>\n\n\n\n<p>Y dijo: \u201cLos rapi\u00f1eros pol\u00edticos se quedaron con las ganas. Le apostaron a que ni siquiera habr\u00eda Tianguis Tur\u00edstico\u201d.<\/p>\n\n\n\n<p>Entonces dijo que tras la gobernadora Evelyn Salgado est\u00e1n los ciudadanos que integran al movimiento de la Cuarta Transformaci\u00f3n, por lo que sus seguidores respondieron lanzando una arenga hacia la titular del Ejecutivo loal: \u00a1no estas sola!<\/p>\n\n\n\n<p>El senador Salgado sostuvo que la gobernadora de Guerrero est\u00e1 calificada entre las mejores del pa\u00eds, porque sostuvo, est\u00e1 cumpliendo con sus compromisos y en consecuencia, \u201cest\u00e1 sorprendiendo al pa\u00eds\u201d.<\/p>\n","protected":false},"excerpt":{"rendered":"<p>&#8212; \u201cLe apostaban a que no hubiera Tianguis Turistico\u201d, acusa F\u00e9lix Salgado&#8212; \u201cNo est\u00e1s sola\u201d, le dicen a la gobernadora sus simpatizantes Rogelio Agust\u00edn El senador F\u00e9lix Salgado Macedonio reproch\u00f3&hellip; <\/p>\n","protected":false},"author":21,"featured_media":45483,"comment_status":"open","ping_status":"open","sticky":false,"template":"","format":"standard","meta":{"fifu_image_url":"","fifu_image_alt":"","footnotes":""},"categories":[18],"tags":[],"class_list":["post-45482","post","type-post","status-publish","format-standard","has-post-thumbnail","hentry","category-partidos-politicos"],"_links":{"self":[{"href":"https:\/\/www.interaccionnoticias.com.mx\/index.php?rest_route=\/wp\/v2\/posts\/45482","targetHints":{"allow":["GET"]}}],"collection":[{"href":"https:\/\/www.interaccionnoticias.com.mx\/index.php?rest_route=\/wp\/v2\/posts"}],"about":[{"href":"https:\/\/www.interaccionnoticias.com.mx\/index.php?rest_route=\/wp\/v2\/types\/post"}],"author":[{"embeddable":true,"href":"https:\/\/www.interaccionnoticias.com.mx\/index.php?rest_route=\/wp\/v2\/users\/21"}],"replies":[{"embeddable":true,"href":"https:\/\/www.interaccionnoticias.com.mx\/index.php?rest_route=%2Fwp%2Fv2%2Fcomments&post=45482"}],"version-history":[{"count":1,"href":"https:\/\/www.interaccionnoticias.com.mx\/index.php?rest_route=\/wp\/v2\/posts\/45482\/revisions"}],"predecessor-version":[{"id":45484,"href":"https:\/\/www.interaccionnoticias.com.mx\/index.php?rest_route=\/wp\/v2\/posts\/45482\/revisions\/45484"}],"wp:featuredmedia":[{"embeddable":true,"href":"https:\/\/www.interaccionnoticias.com.mx\/index.php?rest_route=\/wp\/v2\/media\/45483"}],"wp:attachment":[{"href":"https:\/\/www.interaccionnoticias.com.mx\/index.php?rest_route=%2Fwp%2Fv2%2Fmedia&parent=45482"}],"wp:term":[{"taxonomy":"category","embeddable":true,"href":"https:\/\/www.interaccionnoticias.com.mx\/index.php?rest_route=%2Fwp%2Fv2%2Fcategories&post=45482"},{"taxonomy":"post_tag","embeddable":true,"href":"https:\/\/www.interaccionnoticias.com.mx\/index.php?rest_route=%2Fwp%2Fv2%2Ftags&post=45482"}],"curies":[{"name":"wp","href":"https:\/\/api.w.org\/{rel}","templated":true}]}}