{"id":4515,"date":"2017-05-21T20:55:20","date_gmt":"2017-05-22T01:55:20","guid":{"rendered":"http:\/\/www.inter-accion.com.mx\/?p=4515"},"modified":"2017-05-21T20:55:20","modified_gmt":"2017-05-22T01:55:20","slug":"agente-de-la-pim-encabezaba-banda-de-asaltantes","status":"publish","type":"post","link":"https:\/\/www.interaccionnoticias.com.mx\/?p=4515","title":{"rendered":"Agente de la PIM encabezaba banda de asaltantes"},"content":{"rendered":"<div id=\"m_387698578023306361divRplyFwdMsg\" dir=\"ltr\">\n<strong>En el puerto de Acapulco&nbsp;<\/strong>\n<\/div>\n<div id=\"m_387698578023306361divRplyFwdMsg\" dir=\"ltr\">Acapulco, Gro.- Una agente de la Polic\u00eda Ministerial, y cinco personas m\u00e1s, entre ellas dos menores de edad; forman una banda de presuntos asaltantes y los detuvieron elementos de Seguridad P\u00fablica estatal, tras despojar a una f\u00e9mina de una moto.<br \/>\nLos hechos ocurrieron aproximadamente al mediodia, sobre costera vieja, cuando la elemento de la PIM Luz Briseida \u00abR\u00bb, tres adultos y dos menores, despojaron a una mujer de su moto y la golpearon con una pistola.<br \/>\nEl asalto y agresi\u00f3n ocurri\u00f3 en el fraccionamiento Condesa, donde Polic\u00edas Estatales Acreditables fueron abordados por una mujer quien denunci\u00f3 que un grupo de personas armadas la hab\u00edan despojado de su motocicleta, luego de haberla golpeado en la cabeza con una pistola.<br \/>\nEn el lugar, los oficiales visualizaron a un grupo de personas que al notar la presencia de los uniformados intentaron huir a bordo de un taxi, inici\u00e1ndose una persecuci\u00f3n.<br \/>\nM\u00e1s adelante detuvieron el taxi en el que iban y aseguraron a Luz Briseida \u201cR\u201d de 24 a\u00f1os, se identific\u00f3 como agente de la Ministerial, y n\u00famero de empleado 52539, quien dijo desempe\u00f1ar funciones operativas.<br \/>\nLa servidora p\u00fablica adscrita al Sector Centro de Acapulco y de la Fiscal\u00eda General del Estado, al momento de ser detenida Luz Briseida \u201cN\u201d portaba su arma de cargo, una placa met\u00e1lica policial a su nombre.<br \/>\nTambi\u00e9n fueron asegurados Pablo \u201cN\u201d de 25 a\u00f1os de edad; Edwin \u201cN\u201d de 19, Carlos Iv\u00e1n \u201cN\u201d de 18 a\u00f1os y otros dos menores de edad.<br \/>\nAdemas encontraron un arma de fuego marca Pietro Beretta calibre 9 mil\u00edmetros modelo 92FS, matricula J654762; dos cargadores uno con 26 cartuchos \u00fatiles; cinco tel\u00e9fonos celulares y la cantidad de 522 pesos.<br \/>\nLos agentes ministeriales aseguraron un autom\u00f3vil marca Nissan, tipo Tsuru, blanco y amarillo, con n\u00famero econ\u00f3mico 1947 y placas de circulaci\u00f3n 294-7F-FS de Guerrero.<br \/>\nAdemas de una motocicleta marca Italika, azul con negro, placas de circulaci\u00f3n TZN7A de Guerrero que le despojaron a la quejosa.<br \/>\nSe presume que la v\u00edctima se\u00f1al\u00f3 que las personas aseguradas le hab\u00edan cometido el robo de la moto y dijo que en la zona se han cometido&nbsp; otros robos con violencia.<br \/>\nLas personas, armamento, veh\u00edculo, dinero y objetos fueron puestos a disposici\u00f3n de autoridades competentes a fin de integrarlas a una Carpeta de Investigaci\u00f3n.<\/div>\n","protected":false},"excerpt":{"rendered":"<p>En el puerto de Acapulco&nbsp; Acapulco, Gro.- Una agente de la Polic\u00eda Ministerial, y cinco personas m\u00e1s, entre ellas dos menores de edad; forman una banda de presuntos asaltantes y&hellip; <\/p>\n","protected":false},"author":1,"featured_media":0,"comment_status":"open","ping_status":"open","sticky":false,"template":"","format":"standard","meta":{"fifu_image_url":"","fifu_image_alt":"","footnotes":""},"categories":[8,27],"tags":[],"class_list":["post-4515","post","type-post","status-publish","format-standard","hentry","category-featured","category-seguridad-publica"],"_links":{"self":[{"href":"https:\/\/www.interaccionnoticias.com.mx\/index.php?rest_route=\/wp\/v2\/posts\/4515","targetHints":{"allow":["GET"]}}],"collection":[{"href":"https:\/\/www.interaccionnoticias.com.mx\/index.php?rest_route=\/wp\/v2\/posts"}],"about":[{"href":"https:\/\/www.interaccionnoticias.com.mx\/index.php?rest_route=\/wp\/v2\/types\/post"}],"author":[{"embeddable":true,"href":"https:\/\/www.interaccionnoticias.com.mx\/index.php?rest_route=\/wp\/v2\/users\/1"}],"replies":[{"embeddable":true,"href":"https:\/\/www.interaccionnoticias.com.mx\/index.php?rest_route=%2Fwp%2Fv2%2Fcomments&post=4515"}],"version-history":[{"count":0,"href":"https:\/\/www.interaccionnoticias.com.mx\/index.php?rest_route=\/wp\/v2\/posts\/4515\/revisions"}],"wp:attachment":[{"href":"https:\/\/www.interaccionnoticias.com.mx\/index.php?rest_route=%2Fwp%2Fv2%2Fmedia&parent=4515"}],"wp:term":[{"taxonomy":"category","embeddable":true,"href":"https:\/\/www.interaccionnoticias.com.mx\/index.php?rest_route=%2Fwp%2Fv2%2Fcategories&post=4515"},{"taxonomy":"post_tag","embeddable":true,"href":"https:\/\/www.interaccionnoticias.com.mx\/index.php?rest_route=%2Fwp%2Fv2%2Ftags&post=4515"}],"curies":[{"name":"wp","href":"https:\/\/api.w.org\/{rel}","templated":true}]}}