{"id":45084,"date":"2022-05-12T17:17:11","date_gmt":"2022-05-12T22:17:11","guid":{"rendered":"https:\/\/interaccionnoticias.com.mx\/?p=45084"},"modified":"2022-05-12T17:17:16","modified_gmt":"2022-05-12T22:17:16","slug":"protestan-trabajadores-de-pc-estatal","status":"publish","type":"post","link":"https:\/\/www.interaccionnoticias.com.mx\/?p=45084","title":{"rendered":"Protestan trabajadores de PC estatal"},"content":{"rendered":"\n<p><strong><em>&#8212; Denuncian discriminaci\u00f3n hacia sus compa\u00f1eras, pues las excluyeron del festejo del D\u00eda de la Madre<br>&#8212; Exigen pago de vi\u00e1ticos y entrega de uniformes<\/em><\/strong><\/p>\n\n\n\n<p><strong>Jes\u00fas Dorantes<\/strong><\/p>\n\n\n\n<p>C<strong>hilpancingo, Gro.-<\/strong> Trabajadores de la Protecci\u00f3n Civil (PC) Estatal se manifestaron en su centro de trabajo para exigir el pago de vi\u00e1ticos y entrega completa de uniformes, adem\u00e1s denunciaron que sus compa\u00f1eras no fueron consideradas para la celebraci\u00f3n del D\u00eda de la Madre.<\/p>\n\n\n\n<p>La ma\u00f1ana del jueves, trabajadores de PC realizaron una protesta en el interior de su centro de trabajo, ubicado a un costado del r\u00edo Huacapa, en la zona sur de Chilpancingo.<br>Con pancartas en mano, los inconformes se\u00f1alaron que sus compa\u00f1eras operativas no fueran consideradas para el festejo del d\u00eda de las madres.<\/p>\n\n\n\n<p>En su intervenci\u00f3n, \u00c1ngel Mart\u00ednez Reyes, l\u00edder sindical se\u00f1al\u00f3 como una falta de respeto la discriminaci\u00f3n que sufrieron sus compa\u00f1eras operativas, ya que durante la celebraci\u00f3n que realizaron solo fueron invitadas las madres que laboran en el \u00e1rea administrativa de PC.<\/p>\n\n\n\n<p>Situaci\u00f3n que se r\u00e9plica constantemente en otras celebraciones, como el d\u00eda del bombero, d\u00f3nde destac\u00f3 que se invita a todo el personal menos a los propios bomberos.<\/p>\n\n\n\n<p>Mart\u00ednez Reyes denunci\u00f3 que sus compa\u00f1eros de la Regi\u00f3n Centro informaron que recibieron uniformes incompletos, en algunos de casos no contaba con botas y cascos para su protecci\u00f3n, adem\u00e1s de la falta de pago de vi\u00e1ticos a 800 trabajadores.<\/p>\n\n\n\n<p>Advietieron que en caso de no ser tomados en cuenta, el nivel de sus protestas puede crecer.<\/p>\n","protected":false},"excerpt":{"rendered":"<p>&#8212; Denuncian discriminaci\u00f3n hacia sus compa\u00f1eras, pues las excluyeron del festejo del D\u00eda de la Madre&#8212; Exigen pago de vi\u00e1ticos y entrega de uniformes Jes\u00fas Dorantes Chilpancingo, Gro.- Trabajadores de&hellip; <\/p>\n","protected":false},"author":8,"featured_media":45077,"comment_status":"open","ping_status":"open","sticky":false,"template":"","format":"standard","meta":{"fifu_image_url":"","fifu_image_alt":"","footnotes":""},"categories":[11],"tags":[],"class_list":["post-45084","post","type-post","status-publish","format-standard","has-post-thumbnail","hentry","category-guerrero"],"_links":{"self":[{"href":"https:\/\/www.interaccionnoticias.com.mx\/index.php?rest_route=\/wp\/v2\/posts\/45084","targetHints":{"allow":["GET"]}}],"collection":[{"href":"https:\/\/www.interaccionnoticias.com.mx\/index.php?rest_route=\/wp\/v2\/posts"}],"about":[{"href":"https:\/\/www.interaccionnoticias.com.mx\/index.php?rest_route=\/wp\/v2\/types\/post"}],"author":[{"embeddable":true,"href":"https:\/\/www.interaccionnoticias.com.mx\/index.php?rest_route=\/wp\/v2\/users\/8"}],"replies":[{"embeddable":true,"href":"https:\/\/www.interaccionnoticias.com.mx\/index.php?rest_route=%2Fwp%2Fv2%2Fcomments&post=45084"}],"version-history":[{"count":1,"href":"https:\/\/www.interaccionnoticias.com.mx\/index.php?rest_route=\/wp\/v2\/posts\/45084\/revisions"}],"predecessor-version":[{"id":45085,"href":"https:\/\/www.interaccionnoticias.com.mx\/index.php?rest_route=\/wp\/v2\/posts\/45084\/revisions\/45085"}],"wp:featuredmedia":[{"embeddable":true,"href":"https:\/\/www.interaccionnoticias.com.mx\/index.php?rest_route=\/wp\/v2\/media\/45077"}],"wp:attachment":[{"href":"https:\/\/www.interaccionnoticias.com.mx\/index.php?rest_route=%2Fwp%2Fv2%2Fmedia&parent=45084"}],"wp:term":[{"taxonomy":"category","embeddable":true,"href":"https:\/\/www.interaccionnoticias.com.mx\/index.php?rest_route=%2Fwp%2Fv2%2Fcategories&post=45084"},{"taxonomy":"post_tag","embeddable":true,"href":"https:\/\/www.interaccionnoticias.com.mx\/index.php?rest_route=%2Fwp%2Fv2%2Ftags&post=45084"}],"curies":[{"name":"wp","href":"https:\/\/api.w.org\/{rel}","templated":true}]}}