{"id":45067,"date":"2022-05-12T12:06:56","date_gmt":"2022-05-12T17:06:56","guid":{"rendered":"https:\/\/interaccionnoticias.com.mx\/?p=45067"},"modified":"2022-05-12T12:07:19","modified_gmt":"2022-05-12T17:07:19","slug":"continua-la-baja-incidencia-de-contagios-por-covid-19-en-la-entidad-segun-reporte-de-la-secretaria-de-salud","status":"publish","type":"post","link":"https:\/\/www.interaccionnoticias.com.mx\/?p=45067","title":{"rendered":"Contin\u00faa la baja incidencia de contagios por Covid-19 en la entidad, seg\u00fan reporte de la Secretar\u00eda de Salud"},"content":{"rendered":"\n<p><strong><em>&#8212; No se registraron nuevos contagios ni defunciones en las \u00faltimas 24 horas<br>&#8212; Recomienda la Secretar\u00eda de Salud vacunar a ni\u00f1os y adolescentes de 12 a 17 a\u00f1os<\/em><\/strong><\/p>\n\n\n\n<p><strong>Chilpancingo, Gro., 12 de mayo 2022.-<\/strong> La Secretar\u00eda de Salud estatal inform\u00f3 que al corte del 11 de mayo, el estado de Guerrero se mantiene en color verde del sem\u00e1foro de riesgo epidemiol\u00f3gico, con 13 casos activos de Covid-19, sin reporte de nuevos casos o defunciones en las \u00faltimas 24 horas.<\/p>\n\n\n\n<p>La dependencia destac\u00f3 que de acuerdo al informe t\u00e9cnico \u201cCovid-19 Guerrero\u201d, desde el inicio de la pandemia, en Guerrero se acumulan 98,405 casos confirmados y 6,760 defunciones por esta causa.<\/p>\n\n\n\n<p>Asimismo, se\u00f1al\u00f3 que en el estado de Guerrero se concentran 13 casos activos en los municipios de Acapulco, con 6, y Chilpancingo, Atlixtac, Eduardo Neri, Mochitl\u00e1n, Tlapehuala, Tixtla Zir\u00e1ndaro, con 1 cada uno, manteniendo una ocupaci\u00f3n de camas Covid del 2 por ciento.<\/p>\n\n\n\n<p>Por \u00faltimo, la dependencia estatal exhort\u00f3 a la poblaci\u00f3n a mantener las medidas de prevenci\u00f3n pertinentes, a fin de mantener la baja incidencia de contagios, adem\u00e1s de acudir a los m\u00f3dulos de vacunaci\u00f3n para que sus hijos de 12 a 17 a\u00f1os de edad, reciban la vacuna contra el Covid-19.<\/p>\n","protected":false},"excerpt":{"rendered":"<p>&#8212; No se registraron nuevos contagios ni defunciones en las \u00faltimas 24 horas&#8212; Recomienda la Secretar\u00eda de Salud vacunar a ni\u00f1os y adolescentes de 12 a 17 a\u00f1os Chilpancingo, Gro.,&hellip; <\/p>\n","protected":false},"author":19,"featured_media":45063,"comment_status":"open","ping_status":"open","sticky":false,"template":"","format":"standard","meta":{"fifu_image_url":"","fifu_image_alt":"","footnotes":""},"categories":[3],"tags":[],"class_list":["post-45067","post","type-post","status-publish","format-standard","has-post-thumbnail","hentry","category-covid-19"],"_links":{"self":[{"href":"https:\/\/www.interaccionnoticias.com.mx\/index.php?rest_route=\/wp\/v2\/posts\/45067","targetHints":{"allow":["GET"]}}],"collection":[{"href":"https:\/\/www.interaccionnoticias.com.mx\/index.php?rest_route=\/wp\/v2\/posts"}],"about":[{"href":"https:\/\/www.interaccionnoticias.com.mx\/index.php?rest_route=\/wp\/v2\/types\/post"}],"author":[{"embeddable":true,"href":"https:\/\/www.interaccionnoticias.com.mx\/index.php?rest_route=\/wp\/v2\/users\/19"}],"replies":[{"embeddable":true,"href":"https:\/\/www.interaccionnoticias.com.mx\/index.php?rest_route=%2Fwp%2Fv2%2Fcomments&post=45067"}],"version-history":[{"count":2,"href":"https:\/\/www.interaccionnoticias.com.mx\/index.php?rest_route=\/wp\/v2\/posts\/45067\/revisions"}],"predecessor-version":[{"id":45069,"href":"https:\/\/www.interaccionnoticias.com.mx\/index.php?rest_route=\/wp\/v2\/posts\/45067\/revisions\/45069"}],"wp:featuredmedia":[{"embeddable":true,"href":"https:\/\/www.interaccionnoticias.com.mx\/index.php?rest_route=\/wp\/v2\/media\/45063"}],"wp:attachment":[{"href":"https:\/\/www.interaccionnoticias.com.mx\/index.php?rest_route=%2Fwp%2Fv2%2Fmedia&parent=45067"}],"wp:term":[{"taxonomy":"category","embeddable":true,"href":"https:\/\/www.interaccionnoticias.com.mx\/index.php?rest_route=%2Fwp%2Fv2%2Fcategories&post=45067"},{"taxonomy":"post_tag","embeddable":true,"href":"https:\/\/www.interaccionnoticias.com.mx\/index.php?rest_route=%2Fwp%2Fv2%2Ftags&post=45067"}],"curies":[{"name":"wp","href":"https:\/\/api.w.org\/{rel}","templated":true}]}}