{"id":45062,"date":"2022-05-12T12:03:21","date_gmt":"2022-05-12T17:03:21","guid":{"rendered":"https:\/\/interaccionnoticias.com.mx\/?p=45062"},"modified":"2022-05-12T12:03:40","modified_gmt":"2022-05-12T17:03:40","slug":"llama-el-secretario-de-gobierno-a-reanudar-clases-a-docentes-del-tecnologico-superior-de-la-costa-chica","status":"publish","type":"post","link":"https:\/\/www.interaccionnoticias.com.mx\/?p=45062","title":{"rendered":"Llama el secretario de gobierno a reanudar clases a docentes del Tecnol\u00f3gico Superior de la Costa Chica"},"content":{"rendered":"\n<p>&#8212; El Gobierno del estado refrenda su compromiso con la educaci\u00f3n de las y los j\u00f3venes guerrerenses: Ludwig<br>&#8212; Instituciones educativas no deben politizar entrega de nombramientos del ejecutivo<\/p>\n\n\n\n<p>Ometepec, Gro., 11 de mayo de 2022.- El secretario general de Gobierno, Ludwig Marcial Reynoso N\u00fa\u00f1ez acudi\u00f3 a las instalaciones del Instituto Tecnol\u00f3gico Superior de la Costa Chica (ITSCCH), ubicado en el municipio de Ometepec acompa\u00f1ado del subsecretario de Educaci\u00f3n Media Superior y Superior, Marco Antonio Marb\u00e1n Galv\u00e1n, para atender las demandas ante el paro de labores que presenta la instituci\u00f3n desde hace tres meses.<\/p>\n\n\n\n<p>Durante el encuentro, docentes, personal administrativo, alumnos y padres de familia, plantearon sus demandas y peticiones a las autoridades estatales, quienes solicitan la destituci\u00f3n del director Octavio Chac\u00f3n Melo. Por su parte, Reynoso N\u00fa\u00f1ez, se comprometi\u00f3 a iniciar un proceso de evaluaci\u00f3n y revisi\u00f3n de los perfiles para poder emitir una resoluci\u00f3n.<\/p>\n\n\n\n<p>El encargado de la pol\u00edtica interna estatal, manifest\u00f3 que desde el primer momento de esta problem\u00e1tica las autoridades han atendido en distintas mesas de trabajo y refrend\u00f3 el compromiso del Gobierno del Estado con el desarrollo y bienestar de las y los j\u00f3venes.<\/p>\n\n\n\n<p>Convoc\u00f3 a los presentes a no politizar la situaci\u00f3n que enfrenta la instituci\u00f3n y priorizar la reapertura de las aulas y clases escolares como se desarrollan en todo el estado. Al finalizar, se reiter\u00f3 la apertura al di\u00e1logo de las autoridades estatales para lograr la generaci\u00f3n de acuerdos.<br><\/p>\n","protected":false},"excerpt":{"rendered":"<p>&#8212; El Gobierno del estado refrenda su compromiso con la educaci\u00f3n de las y los j\u00f3venes guerrerenses: Ludwig&#8212; Instituciones educativas no deben politizar entrega de nombramientos del ejecutivo Ometepec, Gro.,&hellip; <\/p>\n","protected":false},"author":19,"featured_media":45064,"comment_status":"open","ping_status":"open","sticky":false,"template":"","format":"standard","meta":{"fifu_image_url":"","fifu_image_alt":"","footnotes":""},"categories":[11],"tags":[],"class_list":["post-45062","post","type-post","status-publish","format-standard","has-post-thumbnail","hentry","category-guerrero"],"_links":{"self":[{"href":"https:\/\/www.interaccionnoticias.com.mx\/index.php?rest_route=\/wp\/v2\/posts\/45062","targetHints":{"allow":["GET"]}}],"collection":[{"href":"https:\/\/www.interaccionnoticias.com.mx\/index.php?rest_route=\/wp\/v2\/posts"}],"about":[{"href":"https:\/\/www.interaccionnoticias.com.mx\/index.php?rest_route=\/wp\/v2\/types\/post"}],"author":[{"embeddable":true,"href":"https:\/\/www.interaccionnoticias.com.mx\/index.php?rest_route=\/wp\/v2\/users\/19"}],"replies":[{"embeddable":true,"href":"https:\/\/www.interaccionnoticias.com.mx\/index.php?rest_route=%2Fwp%2Fv2%2Fcomments&post=45062"}],"version-history":[{"count":2,"href":"https:\/\/www.interaccionnoticias.com.mx\/index.php?rest_route=\/wp\/v2\/posts\/45062\/revisions"}],"predecessor-version":[{"id":45066,"href":"https:\/\/www.interaccionnoticias.com.mx\/index.php?rest_route=\/wp\/v2\/posts\/45062\/revisions\/45066"}],"wp:featuredmedia":[{"embeddable":true,"href":"https:\/\/www.interaccionnoticias.com.mx\/index.php?rest_route=\/wp\/v2\/media\/45064"}],"wp:attachment":[{"href":"https:\/\/www.interaccionnoticias.com.mx\/index.php?rest_route=%2Fwp%2Fv2%2Fmedia&parent=45062"}],"wp:term":[{"taxonomy":"category","embeddable":true,"href":"https:\/\/www.interaccionnoticias.com.mx\/index.php?rest_route=%2Fwp%2Fv2%2Fcategories&post=45062"},{"taxonomy":"post_tag","embeddable":true,"href":"https:\/\/www.interaccionnoticias.com.mx\/index.php?rest_route=%2Fwp%2Fv2%2Ftags&post=45062"}],"curies":[{"name":"wp","href":"https:\/\/api.w.org\/{rel}","templated":true}]}}