{"id":45025,"date":"2022-05-11T16:28:19","date_gmt":"2022-05-11T21:28:19","guid":{"rendered":"https:\/\/interaccionnoticias.com.mx\/?p=45025"},"modified":"2022-05-11T16:28:24","modified_gmt":"2022-05-11T21:28:24","slug":"fedeeg-cierran-los-accesos-al-palacio-de-gobierno","status":"publish","type":"post","link":"https:\/\/www.interaccionnoticias.com.mx\/?p=45025","title":{"rendered":"FEDEEG cierran los accesos al Palacio de Gobierno"},"content":{"rendered":"\n<p><strong><em>&#8212; Exigen la interlocuci\u00f3n ante la SEP federal<\/em><\/strong><\/p>\n\n\n\n<p><strong>Jes\u00fas Dorantes<\/strong><\/p>\n\n\n\n<p><strong>Chilpancingo, Gro.-<\/strong> Integrantes del Frente Estatal de Directores y Encargados de Escuelas en Guerrero (FEDEEG) cerraron el boulevard Ren\u00e9 Ju\u00e1rez Cisneros, para exigir una reuni\u00f3n con la gobernadora Evelyn Salgado Pineda.<\/p>\n\n\n\n<p>Lo Integrantes del FEDEEG partieron en marcha desde el parque Margarita Maza de Ju\u00e1rez hasta llegar a las inmediaciones del recinto oficial del Poder Ejecutivo, donde retiraron las rejas de las coladeras metros antes del Palacio de Gobierno, para impedir el tr\u00e1nsito vehicular.<\/p>\n\n\n\n<p>Los inconformes aseguran que desde inicios de a\u00f1o realizaron bloqueos carreteros para entregar su pliego petitorio a la administraci\u00f3n actual, pero a cuatro meses de distancia, no han recibido ninguna respuesta favorable.<\/p>\n\n\n\n<p>Durante la marcha, Luis Vargas Guti\u00e9rrez, representante del FEDEEG, denunci\u00f3 que la gobernadora Salgado Pineda no ha cumplido con la reuni\u00f3n que les prometi\u00f3 gestionar con Delfina G\u00f3mez, titular de la Secretar\u00eda de Educaci\u00f3n P\u00fablica (SEP) en el Gobierno de la Rep\u00fablica.<\/p>\n\n\n\n<p>Tambi\u00e9n acus\u00f3 al secretario de Educaci\u00f3n del estado, Marcial Rodr\u00edguez Salda\u00f1a, de entregar 60 claves de manera irregular, situaci\u00f3n que genera la molestia de los trabajadores que llevan meses en lista de espera, sin que hasta el momento se les haga justicia.<br><\/p>\n","protected":false},"excerpt":{"rendered":"<p>&#8212; Exigen la interlocuci\u00f3n ante la SEP federal Jes\u00fas Dorantes Chilpancingo, Gro.- Integrantes del Frente Estatal de Directores y Encargados de Escuelas en Guerrero (FEDEEG) cerraron el boulevard Ren\u00e9 Ju\u00e1rez&hellip; <\/p>\n","protected":false},"author":8,"featured_media":45026,"comment_status":"open","ping_status":"open","sticky":false,"template":"","format":"standard","meta":{"fifu_image_url":"","fifu_image_alt":"","footnotes":""},"categories":[6],"tags":[],"class_list":["post-45025","post","type-post","status-publish","format-standard","has-post-thumbnail","hentry","category-educacion"],"_links":{"self":[{"href":"https:\/\/www.interaccionnoticias.com.mx\/index.php?rest_route=\/wp\/v2\/posts\/45025","targetHints":{"allow":["GET"]}}],"collection":[{"href":"https:\/\/www.interaccionnoticias.com.mx\/index.php?rest_route=\/wp\/v2\/posts"}],"about":[{"href":"https:\/\/www.interaccionnoticias.com.mx\/index.php?rest_route=\/wp\/v2\/types\/post"}],"author":[{"embeddable":true,"href":"https:\/\/www.interaccionnoticias.com.mx\/index.php?rest_route=\/wp\/v2\/users\/8"}],"replies":[{"embeddable":true,"href":"https:\/\/www.interaccionnoticias.com.mx\/index.php?rest_route=%2Fwp%2Fv2%2Fcomments&post=45025"}],"version-history":[{"count":1,"href":"https:\/\/www.interaccionnoticias.com.mx\/index.php?rest_route=\/wp\/v2\/posts\/45025\/revisions"}],"predecessor-version":[{"id":45027,"href":"https:\/\/www.interaccionnoticias.com.mx\/index.php?rest_route=\/wp\/v2\/posts\/45025\/revisions\/45027"}],"wp:featuredmedia":[{"embeddable":true,"href":"https:\/\/www.interaccionnoticias.com.mx\/index.php?rest_route=\/wp\/v2\/media\/45026"}],"wp:attachment":[{"href":"https:\/\/www.interaccionnoticias.com.mx\/index.php?rest_route=%2Fwp%2Fv2%2Fmedia&parent=45025"}],"wp:term":[{"taxonomy":"category","embeddable":true,"href":"https:\/\/www.interaccionnoticias.com.mx\/index.php?rest_route=%2Fwp%2Fv2%2Fcategories&post=45025"},{"taxonomy":"post_tag","embeddable":true,"href":"https:\/\/www.interaccionnoticias.com.mx\/index.php?rest_route=%2Fwp%2Fv2%2Ftags&post=45025"}],"curies":[{"name":"wp","href":"https:\/\/api.w.org\/{rel}","templated":true}]}}