{"id":45022,"date":"2022-05-11T16:17:57","date_gmt":"2022-05-11T21:17:57","guid":{"rendered":"https:\/\/interaccionnoticias.com.mx\/?p=45022"},"modified":"2022-05-11T16:18:01","modified_gmt":"2022-05-11T21:18:01","slug":"en-helicoptero-del-gobierno-de-guerrero-trasladan-a-nina-de-tres-anos-de-la-sierra-a-la-ciudad-de-mexico","status":"publish","type":"post","link":"https:\/\/www.interaccionnoticias.com.mx\/?p=45022","title":{"rendered":"En helicoptero del Gobierno de Guerrero, trasladan a ni\u00f1a de tres a\u00f1os de la Sierra a la Ciudad de M\u00e9xico"},"content":{"rendered":"\n<p><strong><em>&#8212; Con quemaduras de primer y segundo grado, la canalizan de Tlacotepec hacia un hospital de la Ciudad de M\u00e9xico<br>&#8212; Los helic\u00f3peros del Gobierno se han habilitado como ambulancias, confirma la secretaria de Salud, Aid\u00e9 Ibarez<\/em><\/strong><\/p>\n\n\n\n<p><strong>Rogelio Agust\u00edn<\/strong><\/p>\n\n\n\n<p>La titular de la Secretar\u00eda de Salud Guerrero, Aid\u00e9 Ibarez Castro confirm\u00f3 que a trav\u00e9s del Centro Regulador de Urgencias M\u00e9dicas (CRUM) se traslad\u00f3 a una ni\u00f1a de tres a\u00f1os, por quemaduras hacia un hospital de la Ciudad de M\u00e9xico.<\/p>\n\n\n\n<p>La jornada del martes, se report\u00f3 que la infante de tres a\u00f1os y nueve meses present\u00f3 quemaduras t\u00e9rmicas de primer y segundo grado, por lo que el CRUM de Guerrero, la instancia federal y la Direcci\u00f3n de Servicios A\u00e9reos del estado de Guerrero habilitaron un helic\u00f3ptero como ambulancia a\u00e9rea para la evacuaci\u00f3n aerom\u00e9dica.<\/p>\n\n\n\n<p>La operaci\u00f3n comenz\u00f3 en el Hospital de Tlacotepec, cabecera de Heliodoro Castillo, considerado el centro de la Sierra hacia el Hospital Pedi\u00e1trico de Tacubaya, en la Ciudad de M\u00e9xico.<\/p>\n\n\n\n<p>La titular del sector Salud, explic\u00f3 que es instrucci\u00f3n de la gobernadora Evelyn Salgado Pineda, convertir en ambulancias a\u00e9reas, las unidades del Gobierno estatal, las que se\u00f1al\u00f3, antes eran utilizadas solo para el traslado de funcionarios.<\/p>\n\n\n\n<p>La intenci\u00f3n es evitar complicaciones en la salud de los pacientes al utilizar el transporte terrestre, pues con las aeronaves se reduce el tiempo de llegada para su atenci\u00f3n.<\/p>\n\n\n\n<p>La secretaria de Salud de Guerrero reconoci\u00f3 la disposici\u00f3n del gobierno de la Ciudad de M\u00e9xico, en la Unidad Especializada de Quemados del Hospital Pedi\u00e1trico de Tacubaya y del CRUM CDMX, para agilizar el traslado terrestre del helipuerto al hospital, para la atenci\u00f3n correspondiente.<br>\u26d4 #HelicopteroDelGobierno | En helicoptero del Gobierno de Guerrero, trasladan a ni\u00f1a de tres a\u00f1os de la Sierra a la Ciudad de M\u00e9xico<br>\u26aa Con quemaduras de primer y segundo grado, la canalizan de Tlacotepec hacia un hospital de la Ciudad de M\u00e9xico<br>\u2b55\ufe0f \ud83d\udc47 Informaci\u00f3n \ud83d\udc47 \u2b55\ufe0f<\/p>\n","protected":false},"excerpt":{"rendered":"<p>&#8212; Con quemaduras de primer y segundo grado, la canalizan de Tlacotepec hacia un hospital de la Ciudad de M\u00e9xico&#8212; Los helic\u00f3peros del Gobierno se han habilitado como ambulancias, confirma&hellip; <\/p>\n","protected":false},"author":21,"featured_media":45023,"comment_status":"open","ping_status":"open","sticky":false,"template":"","format":"standard","meta":{"fifu_image_url":"","fifu_image_alt":"","footnotes":""},"categories":[26],"tags":[],"class_list":["post-45022","post","type-post","status-publish","format-standard","has-post-thumbnail","hentry","category-salud"],"_links":{"self":[{"href":"https:\/\/www.interaccionnoticias.com.mx\/index.php?rest_route=\/wp\/v2\/posts\/45022","targetHints":{"allow":["GET"]}}],"collection":[{"href":"https:\/\/www.interaccionnoticias.com.mx\/index.php?rest_route=\/wp\/v2\/posts"}],"about":[{"href":"https:\/\/www.interaccionnoticias.com.mx\/index.php?rest_route=\/wp\/v2\/types\/post"}],"author":[{"embeddable":true,"href":"https:\/\/www.interaccionnoticias.com.mx\/index.php?rest_route=\/wp\/v2\/users\/21"}],"replies":[{"embeddable":true,"href":"https:\/\/www.interaccionnoticias.com.mx\/index.php?rest_route=%2Fwp%2Fv2%2Fcomments&post=45022"}],"version-history":[{"count":1,"href":"https:\/\/www.interaccionnoticias.com.mx\/index.php?rest_route=\/wp\/v2\/posts\/45022\/revisions"}],"predecessor-version":[{"id":45024,"href":"https:\/\/www.interaccionnoticias.com.mx\/index.php?rest_route=\/wp\/v2\/posts\/45022\/revisions\/45024"}],"wp:featuredmedia":[{"embeddable":true,"href":"https:\/\/www.interaccionnoticias.com.mx\/index.php?rest_route=\/wp\/v2\/media\/45023"}],"wp:attachment":[{"href":"https:\/\/www.interaccionnoticias.com.mx\/index.php?rest_route=%2Fwp%2Fv2%2Fmedia&parent=45022"}],"wp:term":[{"taxonomy":"category","embeddable":true,"href":"https:\/\/www.interaccionnoticias.com.mx\/index.php?rest_route=%2Fwp%2Fv2%2Fcategories&post=45022"},{"taxonomy":"post_tag","embeddable":true,"href":"https:\/\/www.interaccionnoticias.com.mx\/index.php?rest_route=%2Fwp%2Fv2%2Ftags&post=45022"}],"curies":[{"name":"wp","href":"https:\/\/api.w.org\/{rel}","templated":true}]}}