{"id":45000,"date":"2022-05-11T10:30:04","date_gmt":"2022-05-11T15:30:04","guid":{"rendered":"https:\/\/interaccionnoticias.com.mx\/?p=45000"},"modified":"2022-05-11T10:30:10","modified_gmt":"2022-05-11T15:30:10","slug":"delicado-que-la-despenalizacion-del-aborto-se-aprobara-despues-del-dia-de-las-madres","status":"publish","type":"post","link":"https:\/\/www.interaccionnoticias.com.mx\/?p=45000","title":{"rendered":"Delicado, que la despenalizaci\u00f3n del aborto se aprobara despu\u00e9s del D\u00eda de las Madres"},"content":{"rendered":"\n<p><strong><em>&#8212; La sociedad est\u00e1 sensible, admite la diputada Mar\u00eda Flores, de Morena<\/em><\/strong><\/p>\n\n\n\n<p><strong>Rogelio Agust\u00edn<\/strong><\/p>\n\n\n\n<p>La diputada local por Morena, Mar\u00eda Flores Maldonado reconoci\u00f3 que aprobar la despenalizaci\u00f3n del aborto este mi\u00e9rcoles 11 de mayo hubiera tenido una conntaci\u00f3n muy fuerte, debido a la proximidad del D\u00eda de la Madre.<\/p>\n\n\n\n<p>La diputada por la regi\u00f3n Monta\u00f1a reconoci\u00f3 que en estos momentos, la sociedad se encuentra muy sensible por la cercan\u00eda del festejo a las madres, de tal manera que lo m\u00e1s prudente fue pr\u00f3rrogar la sesi\u00f3n de este mi\u00e9rcoles para la jornada del jueves 12 de mayo.<\/p>\n\n\n\n<p>Confirm\u00f3 que la sesi\u00f3n ser\u00e1 h\u00edbrida, de tal manera que al no estar todos los representantes populares en el Pleno, no habr\u00e1 condiciones para realizar la modificaci\u00f3n al C\u00f3digo Penal Vigente.<\/p>\n\n\n\n<p>Tambi\u00e9n, reconoci\u00f3 que en torno al tema existen puntos de vista encontrados y que todav\u00eda se tiene que dialogar para emitir un voto que ser\u00e1 definitivo.<\/p>\n\n\n\n<p>Confirm\u00f3 que se encuentra en la regi\u00f3n Monta\u00f1a y que participar\u00e1 en la sesi\u00f3n del jueves de manera virtual, porque tiene actividades ya programadas en Tlapa de Comonfort y Olinal\u00e1.<\/p>\n","protected":false},"excerpt":{"rendered":"<p>&#8212; La sociedad est\u00e1 sensible, admite la diputada Mar\u00eda Flores, de Morena Rogelio Agust\u00edn La diputada local por Morena, Mar\u00eda Flores Maldonado reconoci\u00f3 que aprobar la despenalizaci\u00f3n del aborto este&hellip; <\/p>\n","protected":false},"author":21,"featured_media":44998,"comment_status":"open","ping_status":"open","sticky":false,"template":"","format":"standard","meta":{"fifu_image_url":"","fifu_image_alt":"","footnotes":""},"categories":[2],"tags":[],"class_list":["post-45000","post","type-post","status-publish","format-standard","has-post-thumbnail","hentry","category-congreso"],"_links":{"self":[{"href":"https:\/\/www.interaccionnoticias.com.mx\/index.php?rest_route=\/wp\/v2\/posts\/45000","targetHints":{"allow":["GET"]}}],"collection":[{"href":"https:\/\/www.interaccionnoticias.com.mx\/index.php?rest_route=\/wp\/v2\/posts"}],"about":[{"href":"https:\/\/www.interaccionnoticias.com.mx\/index.php?rest_route=\/wp\/v2\/types\/post"}],"author":[{"embeddable":true,"href":"https:\/\/www.interaccionnoticias.com.mx\/index.php?rest_route=\/wp\/v2\/users\/21"}],"replies":[{"embeddable":true,"href":"https:\/\/www.interaccionnoticias.com.mx\/index.php?rest_route=%2Fwp%2Fv2%2Fcomments&post=45000"}],"version-history":[{"count":1,"href":"https:\/\/www.interaccionnoticias.com.mx\/index.php?rest_route=\/wp\/v2\/posts\/45000\/revisions"}],"predecessor-version":[{"id":45001,"href":"https:\/\/www.interaccionnoticias.com.mx\/index.php?rest_route=\/wp\/v2\/posts\/45000\/revisions\/45001"}],"wp:featuredmedia":[{"embeddable":true,"href":"https:\/\/www.interaccionnoticias.com.mx\/index.php?rest_route=\/wp\/v2\/media\/44998"}],"wp:attachment":[{"href":"https:\/\/www.interaccionnoticias.com.mx\/index.php?rest_route=%2Fwp%2Fv2%2Fmedia&parent=45000"}],"wp:term":[{"taxonomy":"category","embeddable":true,"href":"https:\/\/www.interaccionnoticias.com.mx\/index.php?rest_route=%2Fwp%2Fv2%2Fcategories&post=45000"},{"taxonomy":"post_tag","embeddable":true,"href":"https:\/\/www.interaccionnoticias.com.mx\/index.php?rest_route=%2Fwp%2Fv2%2Ftags&post=45000"}],"curies":[{"name":"wp","href":"https:\/\/api.w.org\/{rel}","templated":true}]}}