{"id":44992,"date":"2022-05-10T21:09:44","date_gmt":"2022-05-11T02:09:44","guid":{"rendered":"https:\/\/interaccionnoticias.com.mx\/?p=44992"},"modified":"2022-05-10T21:09:49","modified_gmt":"2022-05-11T02:09:49","slug":"sin-dia-de-las-madres-claman-por-el-regreso-de-sus-seres-queridos","status":"publish","type":"post","link":"https:\/\/www.interaccionnoticias.com.mx\/?p=44992","title":{"rendered":"Sin D\u00eda de las madres, claman por el regreso de sus seres queridos"},"content":{"rendered":"\n<p><strong>Javier Trujillo<\/strong><\/p>\n\n\n\n<p><strong>Acapulco, Gro.-<\/strong> \u00abEn este D\u00eda de las madres, queremos pedirles a las autoridades que regresen nuestros hijos, hermanos y esposos\u00bb, fue el clamor que elevaron medio centenar de familiares que reclaman por la presentaci\u00f3n con vida de sus seres queridos.<\/p>\n\n\n\n<p>\u00abPara nosotras, no hay D\u00eda de las Madres, no hay Navidad, no hay A\u00f1o nuevo, ni Reyes Magos, para nosotros hay una esperanza de que regresen, vivos o muerto, pero los queremos de vuelta\u00bb, expres\u00f3 una mujer del colectivo.<\/p>\n\n\n\n<p>La tarde de este Diez de Mayo, a un lado de la Costera Miguel Alem\u00e1n, medio centenar de familiares, en su mayor\u00eda mujeres, marcharon para exigirle a la fiscal\u00eda guerrerense avance en las investigaciones de cada uno de los casos de los desaparecidos.<\/p>\n\n\n\n<p>\u00abD\u00f3nde est\u00e1n, d\u00f3nde est\u00e1n, nuestros hijos d\u00f3nde est\u00e1n\u00bb. \u00abHijo escucha, tu madre est\u00e1 en la lucha\u00bb, eran las consignas que lanzaban mientras marchaban en la principal arteria vial.<\/p>\n\n\n\n<p>Enferma de c\u00e1ncer, mi madre sub\u00eda los cerros y dec\u00eda no me quiero ir sin encontrarlo. Pero el c\u00e1ncer le gan\u00f3, y en diciembre se muri\u00f3. Por lo que le promet\u00ed entreg\u00e1rselo, si no vivo, pero se lo regreso\u00bb, dijo entre l\u00e1grimas Karina Arce Flores, qui\u00e9n busca a su hermano Alberto, desaparecido en Iguala, desde hace nueve a\u00f1os.<\/p>\n\n\n\n<p>\u00abYo no busco culpables, yo solo busco a mi hijo Cristo Jeova, y mi hermano Alberto Blaz, y pongo en manos de Dios a esas personas, y si est\u00e1n con vida que los dejen regresar a casa para que nos den tranquilidad\u00bb, pidi\u00f3 entre l\u00e1grimas la madre y hermana Judith Orozco.<\/p>\n\n\n\n<p>La marcha parti\u00f3 del Parque Papagayo, por la costera Miguel Alem\u00e1n y contin\u00fao hasta donde se realiz\u00f3 un memorial, borrado por las autoridades, y ah\u00ed se reunieron para nuevamente demandar a las autoridades resultados.<\/p>\n\n\n\n<figure class=\"wp-block-gallery columns-2 is-cropped wp-block-gallery-1 is-layout-flex wp-block-gallery-is-layout-flex\"><ul class=\"blocks-gallery-grid\"><li class=\"blocks-gallery-item\"><figure><img decoding=\"async\" src=\"data:image\/gif;base64,R0lGODlhAQABAIAAAAAAAP\/\/\/ywAAAAAAQABAAACAUwAOw==\" fifu-lazy=\"1\" fifu-data-sizes=\"auto\" fifu-data-srcset=\"https:\/\/i1.wp.com\/interaccionnoticias.com.mx\/wp-content\/uploads\/2022\/05\/220510-Sin-Di\u0301a-de-las-madres-1-1024x683.jpg?ssl=1&w=75&resize=75&ssl=1 75w, https:\/\/i1.wp.com\/interaccionnoticias.com.mx\/wp-content\/uploads\/2022\/05\/220510-Sin-Di\u0301a-de-las-madres-1-1024x683.jpg?ssl=1&w=100&resize=100&ssl=1 100w, https:\/\/i1.wp.com\/interaccionnoticias.com.mx\/wp-content\/uploads\/2022\/05\/220510-Sin-Di\u0301a-de-las-madres-1-1024x683.jpg?ssl=1&w=150&resize=150&ssl=1 150w, https:\/\/i1.wp.com\/interaccionnoticias.com.mx\/wp-content\/uploads\/2022\/05\/220510-Sin-Di\u0301a-de-las-madres-1-1024x683.jpg?ssl=1&w=240&resize=240&ssl=1 240w, https:\/\/i1.wp.com\/interaccionnoticias.com.mx\/wp-content\/uploads\/2022\/05\/220510-Sin-Di\u0301a-de-las-madres-1-1024x683.jpg?ssl=1&w=320&resize=320&ssl=1 320w, https:\/\/i1.wp.com\/interaccionnoticias.com.mx\/wp-content\/uploads\/2022\/05\/220510-Sin-Di\u0301a-de-las-madres-1-1024x683.jpg?ssl=1&w=500&resize=500&ssl=1 500w, https:\/\/i1.wp.com\/interaccionnoticias.com.mx\/wp-content\/uploads\/2022\/05\/220510-Sin-Di\u0301a-de-las-madres-1-1024x683.jpg?ssl=1&w=640&resize=640&ssl=1 640w, https:\/\/i1.wp.com\/interaccionnoticias.com.mx\/wp-content\/uploads\/2022\/05\/220510-Sin-Di\u0301a-de-las-madres-1-1024x683.jpg?ssl=1&w=800&resize=800&ssl=1 800w, https:\/\/i1.wp.com\/interaccionnoticias.com.mx\/wp-content\/uploads\/2022\/05\/220510-Sin-Di\u0301a-de-las-madres-1-1024x683.jpg?ssl=1&w=1024&resize=1024&ssl=1 1024w, https:\/\/i1.wp.com\/interaccionnoticias.com.mx\/wp-content\/uploads\/2022\/05\/220510-Sin-Di\u0301a-de-las-madres-1-1024x683.jpg?ssl=1&w=1280&resize=1280&ssl=1 1280w, https:\/\/i1.wp.com\/interaccionnoticias.com.mx\/wp-content\/uploads\/2022\/05\/220510-Sin-Di\u0301a-de-las-madres-1-1024x683.jpg?ssl=1&w=1600&resize=1600&ssl=1 1600w\" fifu-data-src=\"https:\/\/i1.wp.com\/interaccionnoticias.com.mx\/wp-content\/uploads\/2022\/05\/220510-Sin-Di\u0301a-de-las-madres-1-1024x683.jpg?ssl=1\" alt=\"\" data-id=\"44990\" data-full-url=\"https:\/\/interaccionnoticias.com.mx\/wp-content\/uploads\/2022\/05\/220510-Sin-Di\u0301a-de-las-madres-1.jpg\" data-link=\"https:\/\/interaccionnoticias.com.mx\/220510-sin-dia-de-las-madres-1\/\" class=\"wp-image-44990\"\/><\/figure><\/li><li class=\"blocks-gallery-item\"><figure><img decoding=\"async\" src=\"data:image\/gif;base64,R0lGODlhAQABAIAAAAAAAP\/\/\/ywAAAAAAQABAAACAUwAOw==\" fifu-lazy=\"1\" fifu-data-sizes=\"auto\" fifu-data-srcset=\"https:\/\/i2.wp.com\/interaccionnoticias.com.mx\/wp-content\/uploads\/2022\/05\/220510-Sin-Di\u0301a-de-las-madres-2-1024x683.jpg?ssl=1&w=75&resize=75&ssl=1 75w, https:\/\/i2.wp.com\/interaccionnoticias.com.mx\/wp-content\/uploads\/2022\/05\/220510-Sin-Di\u0301a-de-las-madres-2-1024x683.jpg?ssl=1&w=100&resize=100&ssl=1 100w, https:\/\/i2.wp.com\/interaccionnoticias.com.mx\/wp-content\/uploads\/2022\/05\/220510-Sin-Di\u0301a-de-las-madres-2-1024x683.jpg?ssl=1&w=150&resize=150&ssl=1 150w, https:\/\/i2.wp.com\/interaccionnoticias.com.mx\/wp-content\/uploads\/2022\/05\/220510-Sin-Di\u0301a-de-las-madres-2-1024x683.jpg?ssl=1&w=240&resize=240&ssl=1 240w, https:\/\/i2.wp.com\/interaccionnoticias.com.mx\/wp-content\/uploads\/2022\/05\/220510-Sin-Di\u0301a-de-las-madres-2-1024x683.jpg?ssl=1&w=320&resize=320&ssl=1 320w, https:\/\/i2.wp.com\/interaccionnoticias.com.mx\/wp-content\/uploads\/2022\/05\/220510-Sin-Di\u0301a-de-las-madres-2-1024x683.jpg?ssl=1&w=500&resize=500&ssl=1 500w, https:\/\/i2.wp.com\/interaccionnoticias.com.mx\/wp-content\/uploads\/2022\/05\/220510-Sin-Di\u0301a-de-las-madres-2-1024x683.jpg?ssl=1&w=640&resize=640&ssl=1 640w, https:\/\/i2.wp.com\/interaccionnoticias.com.mx\/wp-content\/uploads\/2022\/05\/220510-Sin-Di\u0301a-de-las-madres-2-1024x683.jpg?ssl=1&w=800&resize=800&ssl=1 800w, https:\/\/i2.wp.com\/interaccionnoticias.com.mx\/wp-content\/uploads\/2022\/05\/220510-Sin-Di\u0301a-de-las-madres-2-1024x683.jpg?ssl=1&w=1024&resize=1024&ssl=1 1024w, https:\/\/i2.wp.com\/interaccionnoticias.com.mx\/wp-content\/uploads\/2022\/05\/220510-Sin-Di\u0301a-de-las-madres-2-1024x683.jpg?ssl=1&w=1280&resize=1280&ssl=1 1280w, https:\/\/i2.wp.com\/interaccionnoticias.com.mx\/wp-content\/uploads\/2022\/05\/220510-Sin-Di\u0301a-de-las-madres-2-1024x683.jpg?ssl=1&w=1600&resize=1600&ssl=1 1600w\" fifu-data-src=\"https:\/\/i2.wp.com\/interaccionnoticias.com.mx\/wp-content\/uploads\/2022\/05\/220510-Sin-Di\u0301a-de-las-madres-2-1024x683.jpg?ssl=1\" alt=\"\" data-id=\"44991\" data-full-url=\"https:\/\/interaccionnoticias.com.mx\/wp-content\/uploads\/2022\/05\/220510-Sin-Di\u0301a-de-las-madres-2.jpg\" data-link=\"https:\/\/interaccionnoticias.com.mx\/220510-sin-dia-de-las-madres-2\/\" class=\"wp-image-44991\"\/><\/figure><\/li><\/ul><\/figure>\n","protected":false},"excerpt":{"rendered":"<p>Javier Trujillo Acapulco, Gro.- \u00abEn este D\u00eda de las madres, queremos pedirles a las autoridades que regresen nuestros hijos, hermanos y esposos\u00bb, fue el clamor que elevaron medio centenar de&hellip; <\/p>\n","protected":false},"author":3,"featured_media":44991,"comment_status":"open","ping_status":"open","sticky":false,"template":"","format":"standard","meta":{"fifu_image_url":"","fifu_image_alt":"","footnotes":""},"categories":[29],"tags":[],"class_list":["post-44992","post","type-post","status-publish","format-standard","has-post-thumbnail","hentry","category-sociedad"],"_links":{"self":[{"href":"https:\/\/www.interaccionnoticias.com.mx\/index.php?rest_route=\/wp\/v2\/posts\/44992","targetHints":{"allow":["GET"]}}],"collection":[{"href":"https:\/\/www.interaccionnoticias.com.mx\/index.php?rest_route=\/wp\/v2\/posts"}],"about":[{"href":"https:\/\/www.interaccionnoticias.com.mx\/index.php?rest_route=\/wp\/v2\/types\/post"}],"author":[{"embeddable":true,"href":"https:\/\/www.interaccionnoticias.com.mx\/index.php?rest_route=\/wp\/v2\/users\/3"}],"replies":[{"embeddable":true,"href":"https:\/\/www.interaccionnoticias.com.mx\/index.php?rest_route=%2Fwp%2Fv2%2Fcomments&post=44992"}],"version-history":[{"count":1,"href":"https:\/\/www.interaccionnoticias.com.mx\/index.php?rest_route=\/wp\/v2\/posts\/44992\/revisions"}],"predecessor-version":[{"id":44993,"href":"https:\/\/www.interaccionnoticias.com.mx\/index.php?rest_route=\/wp\/v2\/posts\/44992\/revisions\/44993"}],"wp:featuredmedia":[{"embeddable":true,"href":"https:\/\/www.interaccionnoticias.com.mx\/index.php?rest_route=\/wp\/v2\/media\/44991"}],"wp:attachment":[{"href":"https:\/\/www.interaccionnoticias.com.mx\/index.php?rest_route=%2Fwp%2Fv2%2Fmedia&parent=44992"}],"wp:term":[{"taxonomy":"category","embeddable":true,"href":"https:\/\/www.interaccionnoticias.com.mx\/index.php?rest_route=%2Fwp%2Fv2%2Fcategories&post=44992"},{"taxonomy":"post_tag","embeddable":true,"href":"https:\/\/www.interaccionnoticias.com.mx\/index.php?rest_route=%2Fwp%2Fv2%2Ftags&post=44992"}],"curies":[{"name":"wp","href":"https:\/\/api.w.org\/{rel}","templated":true}]}}