{"id":44984,"date":"2022-05-10T19:34:33","date_gmt":"2022-05-11T00:34:33","guid":{"rendered":"https:\/\/interaccionnoticias.com.mx\/?p=44984"},"modified":"2022-05-10T19:34:37","modified_gmt":"2022-05-11T00:34:37","slug":"piden-que-este-sexenio-en-realidad-genere-desarrollo-en-la-sierra","status":"publish","type":"post","link":"https:\/\/www.interaccionnoticias.com.mx\/?p=44984","title":{"rendered":"Piden que este sexenio en realidad genere desarrollo en la Sierra"},"content":{"rendered":"\n<p><strong><em>&#8212; Hay m\u00e1s de un cuarto de siglo en que organizaciones de la zona plantean la creaci\u00f3n de la octava regi\u00f3n econ\u00f3mica<br>&#8212; Se requiere una remunicipalizaci\u00f3n y generar cultuvos alternos a la amapola, cuyos precios se desplomaron<\/em><\/strong><\/p>\n\n\n\n<p><strong>Rogelio Agust\u00edn<\/strong><\/p>\n\n\n\n<p>El Consejo Regional de la Sierra Guerrerense (CRSSIG) respald\u00f3 la inquietud de la gobernadora de Guerrero, Evelyn Salgado Pineda, en el sentido de impulsar un proceso de desarrollo integral para esa parte de la entidad.<\/p>\n\n\n\n<p>Rigoberto Acosta Gonz\u00e1lez, dirigente del CRESIG salud\u00f3 la declaraci\u00f3n hecha por la titular del Ejecutivo local, en una visita a la Sierra de Chilpancingo, en el sentido de que durante su administraci\u00f3n, a dicha zona \u201cse le har\u00e1 justicia\u201d.<\/p>\n\n\n\n<p>Indic\u00f3, que el CRESIG se encuentra listo para presentar una serie de propuestas que ha acu\u00f1ado a lo largo de 27 a\u00f1os de trabajar en los pueblos de la Sierra.<\/p>\n\n\n\n<p>\u201cHay mucha informaci\u00f3n que podemos poner a su servicio, para que haya un plan integral de desarrollo, sin distingo de ideolog\u00edas ni de partidos pol\u00edticos\u201d, asever\u00f3.<\/p>\n\n\n\n<p>Dijo que desde hace m\u00e1s de un cuarto de siglo, el CRESIG y organizaciones aliadas, han planteado la necesidad de detonar procesos de inversi\u00f3n, que ayuden a detonar el desarrollo en los pueblos, que a pesar de tener mucho potencial, enfrentan serias limitantes por el tema de la dispersi\u00f3n.<\/p>\n\n\n\n<p>Consider\u00f3 importante impulsar una reforma a la Ley de Planeaci\u00f3n, incluso a la propia Constituci\u00f3n Pol\u00edtica del Estado, para que se legisle sobre la octava regi\u00f3n econ\u00f3nica.<\/p>\n\n\n\n<p>Todas las iniciativas que se trabajen, dijo que necesariamente deben acompa\u00f1arse de presupuesto.<br>Acosta Gonz\u00e1lez sostuvo que incluso para hablar sobre el tema de la inseguridad, se debe abordar de manera integral.<\/p>\n\n\n\n<p>Record\u00f3 que desde hace varios a\u00f1os, diferentes organizaciones han planteado la necesidad de generar un proceso de remunicipalizaci\u00f3n en la zona, adem\u00e1s de revisar la composici\u00f3n de los distritos electorales, tanto a nivel estatal como federal.<\/p>\n\n\n\n<p>El fin de semana, el coordinador general de la Polic\u00eda Comunitaria de Heliodoro Castillo (PCHC), Salvador Alan\u00eds Trujillo refiri\u00f3 que es necesario que la Sierra reciba una atenci\u00f3n detallada.<\/p>\n\n\n\n<p>Por ejemplo, dijo que pocos saben que en estos momentos la amapola de la Sierra se encuentra paralizada, porque sus precios se han ca\u00eddo y tampoco hay comunicaci\u00f3n con las personas que facilitaban la comercializaci\u00f3n del producto.<\/p>\n\n\n\n<p>La amapola ya dej\u00f3 de ser rentable y los pueblos esperan que haya opciones reales de desarrollo, de ah\u00ed la necesidad de que el acercamiento con las autoridades se desarrolle cuanto antes, con una verdadera convicci\u00f3n de sacar adelante a la regi\u00f3n.<\/p>\n","protected":false},"excerpt":{"rendered":"<p>&#8212; Hay m\u00e1s de un cuarto de siglo en que organizaciones de la zona plantean la creaci\u00f3n de la octava regi\u00f3n econ\u00f3mica&#8212; Se requiere una remunicipalizaci\u00f3n y generar cultuvos alternos&hellip; <\/p>\n","protected":false},"author":21,"featured_media":44971,"comment_status":"open","ping_status":"open","sticky":false,"template":"","format":"standard","meta":{"fifu_image_url":"","fifu_image_alt":"","footnotes":""},"categories":[11],"tags":[],"class_list":["post-44984","post","type-post","status-publish","format-standard","has-post-thumbnail","hentry","category-guerrero"],"_links":{"self":[{"href":"https:\/\/www.interaccionnoticias.com.mx\/index.php?rest_route=\/wp\/v2\/posts\/44984","targetHints":{"allow":["GET"]}}],"collection":[{"href":"https:\/\/www.interaccionnoticias.com.mx\/index.php?rest_route=\/wp\/v2\/posts"}],"about":[{"href":"https:\/\/www.interaccionnoticias.com.mx\/index.php?rest_route=\/wp\/v2\/types\/post"}],"author":[{"embeddable":true,"href":"https:\/\/www.interaccionnoticias.com.mx\/index.php?rest_route=\/wp\/v2\/users\/21"}],"replies":[{"embeddable":true,"href":"https:\/\/www.interaccionnoticias.com.mx\/index.php?rest_route=%2Fwp%2Fv2%2Fcomments&post=44984"}],"version-history":[{"count":1,"href":"https:\/\/www.interaccionnoticias.com.mx\/index.php?rest_route=\/wp\/v2\/posts\/44984\/revisions"}],"predecessor-version":[{"id":44985,"href":"https:\/\/www.interaccionnoticias.com.mx\/index.php?rest_route=\/wp\/v2\/posts\/44984\/revisions\/44985"}],"wp:featuredmedia":[{"embeddable":true,"href":"https:\/\/www.interaccionnoticias.com.mx\/index.php?rest_route=\/wp\/v2\/media\/44971"}],"wp:attachment":[{"href":"https:\/\/www.interaccionnoticias.com.mx\/index.php?rest_route=%2Fwp%2Fv2%2Fmedia&parent=44984"}],"wp:term":[{"taxonomy":"category","embeddable":true,"href":"https:\/\/www.interaccionnoticias.com.mx\/index.php?rest_route=%2Fwp%2Fv2%2Fcategories&post=44984"},{"taxonomy":"post_tag","embeddable":true,"href":"https:\/\/www.interaccionnoticias.com.mx\/index.php?rest_route=%2Fwp%2Fv2%2Ftags&post=44984"}],"curies":[{"name":"wp","href":"https:\/\/api.w.org\/{rel}","templated":true}]}}