{"id":44968,"date":"2022-05-10T14:34:52","date_gmt":"2022-05-10T19:34:52","guid":{"rendered":"https:\/\/interaccionnoticias.com.mx\/?p=44968"},"modified":"2022-05-10T14:34:57","modified_gmt":"2022-05-10T19:34:57","slug":"a-casi-8-anos-la-policia-preventiva-de-iguala-volvera-a-portar-armas-de-fuego","status":"publish","type":"post","link":"https:\/\/www.interaccionnoticias.com.mx\/?p=44968","title":{"rendered":"A casi 8 a\u00f1os, la Polic\u00eda Preventiva de Iguala volver\u00e1 a portar armas de fuego"},"content":{"rendered":"\n<p><strong><em>&#8212; Son m\u00e1s de 60 que fueron desarmados tras los ataques del 26 de septiembre de 2014<br>&#8212; Se espera que en junio, la CNDH emita una carta al Gobierno de Guerrero<\/em><\/strong><\/p>\n\n\n\n<p><strong>Rosario Garc\u00eda Orozco<\/strong><\/p>\n\n\n\n<p><strong>Chilpancingo, Gro., 10 de mayo del 2022.- <\/strong>Los 60 elementos de la Polic\u00eda Preventiva de Iguala esperan que la Comisi\u00f3n Nacional de Derechos Humanos(CNDH) expida una carta que permita al gobierno del estado devolverles sus armas de cargo, las que les fueron retiradas tras los ataques del 26 de septiembre de 2014.<\/p>\n\n\n\n<p>Oscar D\u00edaz Bello, s\u00edndico procurador de Iguala, inform\u00f3 que el Cabildo se encuentra a espera de la carta que va a expedir la CNDH al gobierno estatal, misma que permitir\u00e1 que en los primeros d\u00edas de junio, la Polic\u00eda Preventiva cuente con las armas de cargo que les fueron retiradas en 2014.<\/p>\n\n\n\n<p>D\u00edaz Bello explic\u00f3 que el personal de la Polic\u00eda Preventiva Municipal ha estado trabajando en el tema de la prevenci\u00f3n del delito, pero s\u00f3lo en labores de proximidad con la ciudadan\u00eda.<\/p>\n\n\n\n<p>Detall\u00f3 que se trata de 62 elementos que han cumplido con los ex\u00e1menes de control y la certificaci\u00f3n correspondiente, por lo que podr\u00edan ser armados en junio, para ya cumplir a cabalidad con sus funciones.<\/p>\n\n\n\n<p>Destac\u00f3 que hay por lo menos siete elementos que se tienen su certificaci\u00f3n en tr\u00e1mite, lo que permitir\u00e1 contar con un total de 69 polic\u00edas preventivos.<\/p>\n\n\n\n<p>Reconoci\u00f3 que dicha cantidad es los insuficiente para cuidar a m\u00e1s de 150 mil habitantes que tiene Iguala, ciudad considerada como el centro pol\u00edtico de la regi\u00f3n Norte.<\/p>\n\n\n\n<p>El s\u00edndico consider\u00f3 que lo ideal es contar un m\u00ednimo de 300 elementos, por lo que en breve se emitir\u00e1n m\u00e1s convocatorias para reclutar a hombres y mujeres que est\u00e9n interesados en participar en dar seguridad a los igualtecos.<\/p>\n\n\n\n<p>Tras los ataques del 26 de septiembre de 2014, cuando se gener\u00f3 la desaparici\u00f3n de 43 normalistas rurales de Ayotzinapa, los elementos de la Polic\u00eda Preventiva fueron desarmados.<\/p>\n\n\n\n<p>El desarme se gener\u00f3 el 6 de octubre del 2014, cuando la Comisi\u00f3n Nacional de Segurdiad estaba a cargo de Monte Alejandro Rubido.<\/p>\n\n\n\n<p>Actualmente la seguridad de Iguala est\u00e1 en manos de la Guardia Nacional, la Polic\u00eda del Estado y del Ej\u00e9rcito Mexicano.<\/p>\n","protected":false},"excerpt":{"rendered":"<p>&#8212; Son m\u00e1s de 60 que fueron desarmados tras los ataques del 26 de septiembre de 2014&#8212; Se espera que en junio, la CNDH emita una carta al Gobierno de&hellip; <\/p>\n","protected":false},"author":14,"featured_media":44961,"comment_status":"open","ping_status":"open","sticky":false,"template":"","format":"standard","meta":{"fifu_image_url":"","fifu_image_alt":"","footnotes":""},"categories":[27],"tags":[],"class_list":["post-44968","post","type-post","status-publish","format-standard","has-post-thumbnail","hentry","category-seguridad-publica"],"_links":{"self":[{"href":"https:\/\/www.interaccionnoticias.com.mx\/index.php?rest_route=\/wp\/v2\/posts\/44968","targetHints":{"allow":["GET"]}}],"collection":[{"href":"https:\/\/www.interaccionnoticias.com.mx\/index.php?rest_route=\/wp\/v2\/posts"}],"about":[{"href":"https:\/\/www.interaccionnoticias.com.mx\/index.php?rest_route=\/wp\/v2\/types\/post"}],"author":[{"embeddable":true,"href":"https:\/\/www.interaccionnoticias.com.mx\/index.php?rest_route=\/wp\/v2\/users\/14"}],"replies":[{"embeddable":true,"href":"https:\/\/www.interaccionnoticias.com.mx\/index.php?rest_route=%2Fwp%2Fv2%2Fcomments&post=44968"}],"version-history":[{"count":1,"href":"https:\/\/www.interaccionnoticias.com.mx\/index.php?rest_route=\/wp\/v2\/posts\/44968\/revisions"}],"predecessor-version":[{"id":44969,"href":"https:\/\/www.interaccionnoticias.com.mx\/index.php?rest_route=\/wp\/v2\/posts\/44968\/revisions\/44969"}],"wp:featuredmedia":[{"embeddable":true,"href":"https:\/\/www.interaccionnoticias.com.mx\/index.php?rest_route=\/wp\/v2\/media\/44961"}],"wp:attachment":[{"href":"https:\/\/www.interaccionnoticias.com.mx\/index.php?rest_route=%2Fwp%2Fv2%2Fmedia&parent=44968"}],"wp:term":[{"taxonomy":"category","embeddable":true,"href":"https:\/\/www.interaccionnoticias.com.mx\/index.php?rest_route=%2Fwp%2Fv2%2Fcategories&post=44968"},{"taxonomy":"post_tag","embeddable":true,"href":"https:\/\/www.interaccionnoticias.com.mx\/index.php?rest_route=%2Fwp%2Fv2%2Ftags&post=44968"}],"curies":[{"name":"wp","href":"https:\/\/api.w.org\/{rel}","templated":true}]}}