{"id":44966,"date":"2022-05-10T14:31:46","date_gmt":"2022-05-10T19:31:46","guid":{"rendered":"https:\/\/interaccionnoticias.com.mx\/?p=44966"},"modified":"2022-05-10T14:31:47","modified_gmt":"2022-05-10T19:31:47","slug":"10-de-mayo-y-nada-que-celebrar-madres-que-buscan-a-sus-desaparecidos-en-guerrero","status":"publish","type":"post","link":"https:\/\/www.interaccionnoticias.com.mx\/?p=44966","title":{"rendered":"10 de Mayo y nada que celebrar: Madres que b\u00fascan a sus desaparecidos en Guerrero"},"content":{"rendered":"\n<p><strong><em>&#8212; Conmemoran a Rosario Ibarra de Piedra<\/em><\/strong><\/p>\n\n\n\n<p><strong>Jes\u00fas Dorantes<\/strong><\/p>\n\n\n\n<p><strong>Chilpancingo, Gro.-<\/strong> Madres que integran al Colectivo de Familiares en B\u00fasca de sus Desaparecidos, realizaron una manifestaci\u00f3n en el z\u00f3calo capitalino con la certeza de que \u00abNo hay nada que celebrar\u00bb.<\/p>\n\n\n\n<p>La ma\u00f1ana del martes 10 de mayo, madres y esposas del referido colectivo realizaron una parada en el quiosco del centro de Chilpancingo para exigir la presentaci\u00f3n con vida de sus hijos y familiares, colocando sus fotograf\u00edas y una manta con la leyenda \u00ab10 de mayo nada que celebrar\u00bb.<\/p>\n\n\n\n<p>Gema Antunes Flores, representante del colectivo, destac\u00f3 que no hay d\u00edas de celebraci\u00f3n cuando un familiar se encuentra desaparecido, como es el caso de su hijo Juan Sebasti\u00e1n Garc\u00eda Antunes, que lleva 11 a\u00f1os desaparecido.<\/p>\n\n\n\n<p>Situaci\u00f3n que comparten 80 madres que integran el colectivo, quienes se han dado a la tarea de realizar las investigaciones y b\u00fasquedas por cuenta propia, ante la falta de respuesta de las autoridades.<\/p>\n\n\n\n<p>Antunes record\u00f3 que su hijo ten\u00eda 22 a\u00f1os cuando se lo llevaron, mientras se dirig\u00eda a su negocio de hamburguesas en la capital.<\/p>\n\n\n\n<p>A once a\u00f1os de su ausencia, dijo que no ha tenido ninguna celebraci\u00f3n del D\u00eda de las Madres, en los que Juan llevaba serenata a su mam\u00e1 por no tener dinero para poder comprarle un regalo.<\/p>\n\n\n\n<p>Los integrantes del colectivo Mar\u00eda Herrera hicieron un llamado a la ciudadan\u00eda para que denuncie y no desistan de las b\u00fasqueda de sus familiares.<\/p>\n\n\n\n<figure class=\"wp-block-gallery columns-1 is-cropped wp-block-gallery-1 is-layout-flex wp-block-gallery-is-layout-flex\"><ul class=\"blocks-gallery-grid\"><li class=\"blocks-gallery-item\"><figure><img decoding=\"async\" src=\"data:image\/gif;base64,R0lGODlhAQABAIAAAAAAAP\/\/\/ywAAAAAAQABAAACAUwAOw==\" fifu-lazy=\"1\" fifu-data-sizes=\"auto\" fifu-data-srcset=\"https:\/\/i3.wp.com\/interaccionnoticias.com.mx\/wp-content\/uploads\/2022\/05\/220510-Rosario-Ibarra-de-Piedra-2-1024x683.jpeg?ssl=1&w=75&resize=75&ssl=1 75w, https:\/\/i3.wp.com\/interaccionnoticias.com.mx\/wp-content\/uploads\/2022\/05\/220510-Rosario-Ibarra-de-Piedra-2-1024x683.jpeg?ssl=1&w=100&resize=100&ssl=1 100w, https:\/\/i3.wp.com\/interaccionnoticias.com.mx\/wp-content\/uploads\/2022\/05\/220510-Rosario-Ibarra-de-Piedra-2-1024x683.jpeg?ssl=1&w=150&resize=150&ssl=1 150w, https:\/\/i3.wp.com\/interaccionnoticias.com.mx\/wp-content\/uploads\/2022\/05\/220510-Rosario-Ibarra-de-Piedra-2-1024x683.jpeg?ssl=1&w=240&resize=240&ssl=1 240w, https:\/\/i3.wp.com\/interaccionnoticias.com.mx\/wp-content\/uploads\/2022\/05\/220510-Rosario-Ibarra-de-Piedra-2-1024x683.jpeg?ssl=1&w=320&resize=320&ssl=1 320w, https:\/\/i3.wp.com\/interaccionnoticias.com.mx\/wp-content\/uploads\/2022\/05\/220510-Rosario-Ibarra-de-Piedra-2-1024x683.jpeg?ssl=1&w=500&resize=500&ssl=1 500w, https:\/\/i3.wp.com\/interaccionnoticias.com.mx\/wp-content\/uploads\/2022\/05\/220510-Rosario-Ibarra-de-Piedra-2-1024x683.jpeg?ssl=1&w=640&resize=640&ssl=1 640w, https:\/\/i3.wp.com\/interaccionnoticias.com.mx\/wp-content\/uploads\/2022\/05\/220510-Rosario-Ibarra-de-Piedra-2-1024x683.jpeg?ssl=1&w=800&resize=800&ssl=1 800w, https:\/\/i3.wp.com\/interaccionnoticias.com.mx\/wp-content\/uploads\/2022\/05\/220510-Rosario-Ibarra-de-Piedra-2-1024x683.jpeg?ssl=1&w=1024&resize=1024&ssl=1 1024w, https:\/\/i3.wp.com\/interaccionnoticias.com.mx\/wp-content\/uploads\/2022\/05\/220510-Rosario-Ibarra-de-Piedra-2-1024x683.jpeg?ssl=1&w=1280&resize=1280&ssl=1 1280w, https:\/\/i3.wp.com\/interaccionnoticias.com.mx\/wp-content\/uploads\/2022\/05\/220510-Rosario-Ibarra-de-Piedra-2-1024x683.jpeg?ssl=1&w=1600&resize=1600&ssl=1 1600w\" fifu-data-src=\"https:\/\/i3.wp.com\/interaccionnoticias.com.mx\/wp-content\/uploads\/2022\/05\/220510-Rosario-Ibarra-de-Piedra-2-1024x683.jpeg?ssl=1\" alt=\"\" data-id=\"44963\" data-full-url=\"https:\/\/interaccionnoticias.com.mx\/wp-content\/uploads\/2022\/05\/220510-Rosario-Ibarra-de-Piedra-2.jpeg\" data-link=\"https:\/\/interaccionnoticias.com.mx\/congreso\/44960\/attachment\/220510-rosario-ibarra-de-piedra-2\/\" class=\"wp-image-44963\"\/><\/figure><\/li><\/ul><\/figure>\n","protected":false},"excerpt":{"rendered":"<p>&#8212; Conmemoran a Rosario Ibarra de Piedra Jes\u00fas Dorantes Chilpancingo, Gro.- Madres que integran al Colectivo de Familiares en B\u00fasca de sus Desaparecidos, realizaron una manifestaci\u00f3n en el z\u00f3calo capitalino&hellip; <\/p>\n","protected":false},"author":8,"featured_media":44964,"comment_status":"open","ping_status":"open","sticky":false,"template":"","format":"standard","meta":{"fifu_image_url":"","fifu_image_alt":"","footnotes":""},"categories":[29],"tags":[],"class_list":["post-44966","post","type-post","status-publish","format-standard","has-post-thumbnail","hentry","category-sociedad"],"_links":{"self":[{"href":"https:\/\/www.interaccionnoticias.com.mx\/index.php?rest_route=\/wp\/v2\/posts\/44966","targetHints":{"allow":["GET"]}}],"collection":[{"href":"https:\/\/www.interaccionnoticias.com.mx\/index.php?rest_route=\/wp\/v2\/posts"}],"about":[{"href":"https:\/\/www.interaccionnoticias.com.mx\/index.php?rest_route=\/wp\/v2\/types\/post"}],"author":[{"embeddable":true,"href":"https:\/\/www.interaccionnoticias.com.mx\/index.php?rest_route=\/wp\/v2\/users\/8"}],"replies":[{"embeddable":true,"href":"https:\/\/www.interaccionnoticias.com.mx\/index.php?rest_route=%2Fwp%2Fv2%2Fcomments&post=44966"}],"version-history":[{"count":1,"href":"https:\/\/www.interaccionnoticias.com.mx\/index.php?rest_route=\/wp\/v2\/posts\/44966\/revisions"}],"predecessor-version":[{"id":44967,"href":"https:\/\/www.interaccionnoticias.com.mx\/index.php?rest_route=\/wp\/v2\/posts\/44966\/revisions\/44967"}],"wp:featuredmedia":[{"embeddable":true,"href":"https:\/\/www.interaccionnoticias.com.mx\/index.php?rest_route=\/wp\/v2\/media\/44964"}],"wp:attachment":[{"href":"https:\/\/www.interaccionnoticias.com.mx\/index.php?rest_route=%2Fwp%2Fv2%2Fmedia&parent=44966"}],"wp:term":[{"taxonomy":"category","embeddable":true,"href":"https:\/\/www.interaccionnoticias.com.mx\/index.php?rest_route=%2Fwp%2Fv2%2Fcategories&post=44966"},{"taxonomy":"post_tag","embeddable":true,"href":"https:\/\/www.interaccionnoticias.com.mx\/index.php?rest_route=%2Fwp%2Fv2%2Ftags&post=44966"}],"curies":[{"name":"wp","href":"https:\/\/api.w.org\/{rel}","templated":true}]}}