{"id":44892,"date":"2022-05-08T19:20:59","date_gmt":"2022-05-09T00:20:59","guid":{"rendered":"https:\/\/interaccionnoticias.com.mx\/?p=44892"},"modified":"2022-05-08T19:21:03","modified_gmt":"2022-05-09T00:21:03","slug":"en-el-marco-de-la-conmemoracion-del-centenario-de-la-escuela-superior-de-ingenieria-y-arquitectura-del-ipn-esia-ipn-fue-galardonado-con-las-medallas-juan-de-dios-batiz-paredes-y-wilfrido-massieu-el","status":"publish","type":"post","link":"https:\/\/www.interaccionnoticias.com.mx\/?p=44892","title":{"rendered":"En el marco de la Conmemoraci\u00f3n del Centenario de la Escuela Superior de Ingenier\u00eda y Arquitectura del IPN ( ESIA-IPN) fue galardonado con las medallas JUAN DE DIOS B\u00c1TIZ PAREDES Y WILFRIDO MASSIEU el Ing. Arquelao Manuel De La Cruz Piza"},"content":{"rendered":"\n<p>El pasado d\u00eda 22 de abril del presente a\u00f1o, en el marco de la Conmemoraci\u00f3n del Centenario de la Escuela Superior de Ingenier\u00eda y Arquitectura del IPN ( ESIA-IPN) fue galardonado con las medallas JUAN DE DIOS B\u00c1TIZ PAREDES Y WILFRIDO MASSIEU el Ing. Arquelao Manuel De La Cruz Piza, como egresado distinguido de dicha instituci\u00f3n prestigiada, forjadora de Ingenieros y Arquitectos. La ceremonia solemne se llev\u00f3 a cabo en la Sala de Comparecencias del recinto del Senado de la Rep\u00fablica.<br>Es preciso se\u00f1alar qu\u00e9, el homenajeado guerrerense De La Cruz Piza, cuenta con una vasta trayectoria dentro de su \u00e1mbito profesional, su paso por tantos y no menos relevantes cargos p\u00fablicos y su experiencia en la industria de la construcci\u00f3n, as\u00ed como, su entrega y dedicaci\u00f3n a sus estudios profesionales, le fueron recompensados con \u00e9ste acto que sin duda, hoy por hoy, lo elevan en su justa dimensi\u00f3n, trascendiendo como persona, ser humano, profesional y servidor p\u00fablico en su paso por \u00e9ste mundo y en el tiempo y en el espacio. El Ing. Arquelao Manuel, costachiquense reconocido y estimado a lo largo y ancho del estado, es m\u00e1s querido por su sencillez y don de gentes qu\u00e9, por sus cargos que ha ocupado dentro y fuera de la adm\u00f3n. p\u00fablica. De hecho, sin considerarse un oficioso de la pol\u00edtica, el Ing. Arquelao, fue quien inici\u00f3 a impulsar el proyecto a la gubernatura de F\u00e9lix Salgado Macedonio. A \u00e9l se le deben, en buena y mayor medida, la cantidad de la diferencia de sufragios con que se obtuvieron los resultados en el mpio. de Acapulco de Ju\u00e1rez, para darle la victoria a la hoy gobernadora Evelyn.<br>Hasta el d\u00eda de hoy, no se le ha valorado, no se le ha reconocido ni mucho menos, en el m\u00e1s justo nivel de su estatura, ni en lo profesional ni en lo pol\u00edtico, al menos, no en Guerrero. Se le est\u00e1 quedando a deber a qui\u00e9n el pasado mes de abril ha puesto en lo m\u00e1s alto a nuestro glorioso y gran estado suriano. \u00a1Mis respetos y mi reconocimiento al hombre, al profesional, al servidor p\u00fablico y al amigo Ing. Arquelao De La Cruz Piza! \u00a1Honor a quien honor merece!<\/p>\n","protected":false},"excerpt":{"rendered":"<p>El pasado d\u00eda 22 de abril del presente a\u00f1o, en el marco de la Conmemoraci\u00f3n del Centenario de la Escuela Superior de Ingenier\u00eda y Arquitectura del IPN ( ESIA-IPN) fue&hellip; <\/p>\n","protected":false},"author":19,"featured_media":44893,"comment_status":"open","ping_status":"open","sticky":false,"template":"","format":"standard","meta":{"fifu_image_url":"","fifu_image_alt":"","footnotes":""},"categories":[16],"tags":[],"class_list":["post-44892","post","type-post","status-publish","format-standard","has-post-thumbnail","hentry","category-opinion"],"_links":{"self":[{"href":"https:\/\/www.interaccionnoticias.com.mx\/index.php?rest_route=\/wp\/v2\/posts\/44892","targetHints":{"allow":["GET"]}}],"collection":[{"href":"https:\/\/www.interaccionnoticias.com.mx\/index.php?rest_route=\/wp\/v2\/posts"}],"about":[{"href":"https:\/\/www.interaccionnoticias.com.mx\/index.php?rest_route=\/wp\/v2\/types\/post"}],"author":[{"embeddable":true,"href":"https:\/\/www.interaccionnoticias.com.mx\/index.php?rest_route=\/wp\/v2\/users\/19"}],"replies":[{"embeddable":true,"href":"https:\/\/www.interaccionnoticias.com.mx\/index.php?rest_route=%2Fwp%2Fv2%2Fcomments&post=44892"}],"version-history":[{"count":1,"href":"https:\/\/www.interaccionnoticias.com.mx\/index.php?rest_route=\/wp\/v2\/posts\/44892\/revisions"}],"predecessor-version":[{"id":44894,"href":"https:\/\/www.interaccionnoticias.com.mx\/index.php?rest_route=\/wp\/v2\/posts\/44892\/revisions\/44894"}],"wp:featuredmedia":[{"embeddable":true,"href":"https:\/\/www.interaccionnoticias.com.mx\/index.php?rest_route=\/wp\/v2\/media\/44893"}],"wp:attachment":[{"href":"https:\/\/www.interaccionnoticias.com.mx\/index.php?rest_route=%2Fwp%2Fv2%2Fmedia&parent=44892"}],"wp:term":[{"taxonomy":"category","embeddable":true,"href":"https:\/\/www.interaccionnoticias.com.mx\/index.php?rest_route=%2Fwp%2Fv2%2Fcategories&post=44892"},{"taxonomy":"post_tag","embeddable":true,"href":"https:\/\/www.interaccionnoticias.com.mx\/index.php?rest_route=%2Fwp%2Fv2%2Ftags&post=44892"}],"curies":[{"name":"wp","href":"https:\/\/api.w.org\/{rel}","templated":true}]}}