{"id":44871,"date":"2022-05-06T17:53:36","date_gmt":"2022-05-06T22:53:36","guid":{"rendered":"https:\/\/interaccionnoticias.com.mx\/?p=44871"},"modified":"2022-05-06T17:53:41","modified_gmt":"2022-05-06T22:53:41","slug":"marchan-durante-cinco-horas-pero-bloquean-la-autopista-del-sol-solo-20-minutos","status":"publish","type":"post","link":"https:\/\/www.interaccionnoticias.com.mx\/?p=44871","title":{"rendered":"Marchan durante cinco horas, pero bloquean la Autopista del Sol solo 20 minutos"},"content":{"rendered":"\n<p>&#8212; Normalistas piden audiencia con la gobernadora Evelyn Salgado<\/p>\n\n\n\n<p>Jes\u00fas Dorantes<\/p>\n\n\n\n<p>Chilpancingo, Gro.- Despu\u00e9s de un bloqueo de 20 minutos en la Autopista del Sol, estudiantes de la Normal Urbana Federal Rafael Ram\u00edrez (ENUF) firmaron una minuta de acuerdo con el gobierno del estado, lo que permiti\u00f3 liberar la vialidad.<\/p>\n\n\n\n<p>Pasadas las 16:00 horas del viernes, el contingente de normalistas que parti\u00f3 de la zona norte de Chilpancingo arrib\u00f3 al Parador de Marqu\u00e9s, luego de ingresar a los carriles norte-sur de la autopista del Sol, a la altura de la Fiscal\u00eda General del Estado (FGE).<\/p>\n\n\n\n<p>Desde las 11:00 horas, elementos de la Polic\u00eda del Estado y Guardia Nacional (GU), equipados como antimotines se encontraban en la zona sur, listos para liberar las v\u00edas de comunicaci\u00f3n en caso de ser necesario.<\/p>\n\n\n\n<p>Al arribar, los estudiantes colocaron frente a su contingente dos veh\u00edculos oficiales de su escuela.<br>En el lugar, personal de gobernaci\u00f3n estatal ya los esperaba para dialogar.<\/p>\n\n\n\n<p>Luego de 20 minutos, los j\u00f3venes se retiraron del lugar tras agendar una reuni\u00f3n con el subsecretar\u00edo de Finanzas de la Secretar\u00eda de Educaci\u00f3n Guerrero Alejandro Moreno Lira.<\/p>\n\n\n\n<p>La marcha tuvo una duraci\u00f3n aproximada de cinco horas, pero el bloqueo no permaneci\u00f3 m\u00e1s de 20 minutos.<\/p>\n","protected":false},"excerpt":{"rendered":"<p>&#8212; Normalistas piden audiencia con la gobernadora Evelyn Salgado Jes\u00fas Dorantes Chilpancingo, Gro.- Despu\u00e9s de un bloqueo de 20 minutos en la Autopista del Sol, estudiantes de la Normal Urbana&hellip; <\/p>\n","protected":false},"author":8,"featured_media":44872,"comment_status":"open","ping_status":"open","sticky":false,"template":"","format":"standard","meta":{"fifu_image_url":"","fifu_image_alt":"","footnotes":""},"categories":[6],"tags":[],"class_list":["post-44871","post","type-post","status-publish","format-standard","has-post-thumbnail","hentry","category-educacion"],"_links":{"self":[{"href":"https:\/\/www.interaccionnoticias.com.mx\/index.php?rest_route=\/wp\/v2\/posts\/44871","targetHints":{"allow":["GET"]}}],"collection":[{"href":"https:\/\/www.interaccionnoticias.com.mx\/index.php?rest_route=\/wp\/v2\/posts"}],"about":[{"href":"https:\/\/www.interaccionnoticias.com.mx\/index.php?rest_route=\/wp\/v2\/types\/post"}],"author":[{"embeddable":true,"href":"https:\/\/www.interaccionnoticias.com.mx\/index.php?rest_route=\/wp\/v2\/users\/8"}],"replies":[{"embeddable":true,"href":"https:\/\/www.interaccionnoticias.com.mx\/index.php?rest_route=%2Fwp%2Fv2%2Fcomments&post=44871"}],"version-history":[{"count":1,"href":"https:\/\/www.interaccionnoticias.com.mx\/index.php?rest_route=\/wp\/v2\/posts\/44871\/revisions"}],"predecessor-version":[{"id":44873,"href":"https:\/\/www.interaccionnoticias.com.mx\/index.php?rest_route=\/wp\/v2\/posts\/44871\/revisions\/44873"}],"wp:featuredmedia":[{"embeddable":true,"href":"https:\/\/www.interaccionnoticias.com.mx\/index.php?rest_route=\/wp\/v2\/media\/44872"}],"wp:attachment":[{"href":"https:\/\/www.interaccionnoticias.com.mx\/index.php?rest_route=%2Fwp%2Fv2%2Fmedia&parent=44871"}],"wp:term":[{"taxonomy":"category","embeddable":true,"href":"https:\/\/www.interaccionnoticias.com.mx\/index.php?rest_route=%2Fwp%2Fv2%2Fcategories&post=44871"},{"taxonomy":"post_tag","embeddable":true,"href":"https:\/\/www.interaccionnoticias.com.mx\/index.php?rest_route=%2Fwp%2Fv2%2Ftags&post=44871"}],"curies":[{"name":"wp","href":"https:\/\/api.w.org\/{rel}","templated":true}]}}