{"id":44869,"date":"2022-05-06T17:17:00","date_gmt":"2022-05-06T22:17:00","guid":{"rendered":"https:\/\/interaccionnoticias.com.mx\/?p=44869"},"modified":"2022-05-06T17:17:01","modified_gmt":"2022-05-06T22:17:01","slug":"piden-incentivos-para-operadores-de-guerreros-unidos-que-conocen-el-paradero-de-los-43","status":"publish","type":"post","link":"https:\/\/www.interaccionnoticias.com.mx\/?p=44869","title":{"rendered":"Piden \u201cincentivos\u201d para operadores de Guerreros Unidos que conocen el paradero de los 43"},"content":{"rendered":"\n<p>&#8212; El abogado Vidulfo Rosales plantea terminar con casi ocho a\u00f1os de incertidumbre<br>&#8212; La detenci\u00f3n de Salvador Ben\u00edtez Palacios, uno de \u201cLos Peques\u201d resulta trascendental, reconoce<\/p>\n\n\n\n<p>Rogelio Agust\u00edn<\/p>\n\n\n\n<p>El abogado de los padres de los 43, Vidulfo Rosales Sierra reconoci\u00f3 que la detenci\u00f3n de Salvador Ben\u00edtez Palacios, operador de Guerreros Unidos (GU), genera la expectativa de que se pueda conocer el paradero de los estudiantes desaparecidos desde septiembre de 2014, por lo que llam\u00f3 al Gobierno de la Rep\u00fablica para que ofrezca todos los incentivos que la ley permita, para que ese y otros detenidos clave puedan dar a conocer todo lo que saben.<\/p>\n\n\n\n<p>Rosales Sierra, reconoci\u00f3 que lo dado a conocer por Ricardo Mej\u00eda Berdeja, subsecretario de Seguridad P\u00fablica federal resulta relevante, porque se trata de un integrante del principal brazo armado del GU, conocido bajo el sobrenombre de \u201cLos Peques\u201d o \u201cLos Tilos\u201d.<\/p>\n\n\n\n<p>\u201cEstas personas eran las encargadas de realizar todas las ejecuciones extrajudiciales de Guerreros Unidos, ellos tuvieron una participaci\u00f3n decisiva en los hechos del 26 de septiembre de 2014, son los responsables directos de las desapariciones, los asesinatos y de todo lo que pas\u00f3\u201d, se\u00f1al\u00f3 el tambi\u00e9n integrante del Centro de Derechos Humanos de la Monta\u00f1a.<\/p>\n\n\n\n<p>De acuerdo con lo que se conoce del caso, dijo que \u201cLos Peques\u201d o \u201cLos Tilos\u201d tienen el conocimiento real de lo que sucedi\u00f3 entre la noche del 26 y la madrugada del 27 de septiembre de 2014.<\/p>\n\n\n\n<p>Incluso, dijo que los integrantes de dicha c\u00e9lula delictiva tienen informaci\u00f3n respecto al paradero de los 43 desaparecidos.<\/p>\n\n\n\n<p>El abogado sostuvo que al igual que la de Salvador Ben\u00edtez, hay otras detenciones que son relevantes para el caso, pero se\u00f1al\u00f3 que no tendr\u00e1n sentido si el Gobierno de la Rep\u00fablica no hace un trabajo adecuado con los detenidos y los convence de que aporten toda la informaci\u00f3n que tienen.<\/p>\n\n\n\n<p>\u201cSe deben ofrecer todos los incentivos, los mecanismos legales que la ley permita para que ellos revelen el paradero de los estudiantes, pues de lo contrario, se pueden llenar las c\u00e1rceles con detenidos por el caso, pero no habr\u00e1 resultados que permitan la localizaci\u00f3n\u201d, se\u00f1al\u00f3.<\/p>\n\n\n\n<p>Precis\u00f3 que no se trata de que el Estado Mexicano rompa la ley para tratar de obtener informaci\u00f3n certera, porque se trata de personas que cometieron delitos muy graves y que se les debe sancionar.<\/p>\n\n\n\n<p>Sin embargo, enfatiz\u00f3 en que \u201cexisten incentivos, criterios de oportunidad que pueden ayudar y que el gobierno ha soslayado\u201d.<\/p>\n\n\n\n<p>Dijo que de manera evidente, el gobierno no ha ofrecido esos incentivos y el llamado es a que trabaje en ese sentido, para acabar con la incertidumbre y la angustia que las familias de los desaparecidos padecen desde hace ya casi ocho a\u00f1os.<br><\/p>\n","protected":false},"excerpt":{"rendered":"<p>&#8212; El abogado Vidulfo Rosales plantea terminar con casi ocho a\u00f1os de incertidumbre&#8212; La detenci\u00f3n de Salvador Ben\u00edtez Palacios, uno de \u201cLos Peques\u201d resulta trascendental, reconoce Rogelio Agust\u00edn El abogado&hellip; <\/p>\n","protected":false},"author":21,"featured_media":43116,"comment_status":"open","ping_status":"open","sticky":false,"template":"","format":"standard","meta":{"fifu_image_url":"","fifu_image_alt":"","footnotes":""},"categories":[15],"tags":[],"class_list":["post-44869","post","type-post","status-publish","format-standard","has-post-thumbnail","hentry","category-movimientos-sociales"],"_links":{"self":[{"href":"https:\/\/www.interaccionnoticias.com.mx\/index.php?rest_route=\/wp\/v2\/posts\/44869","targetHints":{"allow":["GET"]}}],"collection":[{"href":"https:\/\/www.interaccionnoticias.com.mx\/index.php?rest_route=\/wp\/v2\/posts"}],"about":[{"href":"https:\/\/www.interaccionnoticias.com.mx\/index.php?rest_route=\/wp\/v2\/types\/post"}],"author":[{"embeddable":true,"href":"https:\/\/www.interaccionnoticias.com.mx\/index.php?rest_route=\/wp\/v2\/users\/21"}],"replies":[{"embeddable":true,"href":"https:\/\/www.interaccionnoticias.com.mx\/index.php?rest_route=%2Fwp%2Fv2%2Fcomments&post=44869"}],"version-history":[{"count":1,"href":"https:\/\/www.interaccionnoticias.com.mx\/index.php?rest_route=\/wp\/v2\/posts\/44869\/revisions"}],"predecessor-version":[{"id":44870,"href":"https:\/\/www.interaccionnoticias.com.mx\/index.php?rest_route=\/wp\/v2\/posts\/44869\/revisions\/44870"}],"wp:featuredmedia":[{"embeddable":true,"href":"https:\/\/www.interaccionnoticias.com.mx\/index.php?rest_route=\/wp\/v2\/media\/43116"}],"wp:attachment":[{"href":"https:\/\/www.interaccionnoticias.com.mx\/index.php?rest_route=%2Fwp%2Fv2%2Fmedia&parent=44869"}],"wp:term":[{"taxonomy":"category","embeddable":true,"href":"https:\/\/www.interaccionnoticias.com.mx\/index.php?rest_route=%2Fwp%2Fv2%2Fcategories&post=44869"},{"taxonomy":"post_tag","embeddable":true,"href":"https:\/\/www.interaccionnoticias.com.mx\/index.php?rest_route=%2Fwp%2Fv2%2Ftags&post=44869"}],"curies":[{"name":"wp","href":"https:\/\/api.w.org\/{rel}","templated":true}]}}