{"id":44865,"date":"2022-05-06T16:26:40","date_gmt":"2022-05-06T21:26:40","guid":{"rendered":"https:\/\/interaccionnoticias.com.mx\/?p=44865"},"modified":"2022-05-06T16:28:18","modified_gmt":"2022-05-06T21:28:18","slug":"maestros-evaluados-reportan-planton-por-parte-de-funcionarios-de-la-seg","status":"publish","type":"post","link":"https:\/\/www.interaccionnoticias.com.mx\/?p=44865","title":{"rendered":"Maestros evaluados reportan \u201cplant\u00f3n\u201d por parte de funcionarios de la SEG"},"content":{"rendered":"\n<p>&#8212; Se niegan a encauzar el procedimiento para la liberaci\u00f3n de plazas<\/p>\n\n\n\n<p>Jes\u00fas Dorantes<\/p>\n\n\n\n<p>Maestros evaluados denunciaron que la estructura de la Secretar\u00eda de Educaci\u00f3n Guerrero (SEG) los dej\u00f3 plantados, por lo que no pudieron avanzar en el desahogo de m\u00e1s de 140 casos que ya requieren de la asignaci\u00f3n de un espacio laboral.<\/p>\n\n\n\n<p>Este viernes, un grupo de 72 profesores evaluados, los que a pesar de cumplir con todo el procedimiento que exige la ley para acceder a un espacio laboral no lo han recibido, se manifestaron en las inmediaciones del monumento a Las Banderas, en la parte sur de la capital del estado.<\/p>\n\n\n\n<p>Dijeron que derivado del avance que ya registran en el cumplimiento de la normatividad, solo se requiere que el \u00e1rea de Control de Plazas libere los espacios que les corresponden.<\/p>\n\n\n\n<p>Sin embargo, a la reuni\u00f3n que ten\u00edan programado para este 6 de mayo, no llegaron los funcionarios de la Secretar\u00eda de Educaci\u00f3n Guerrero que tienen en sus manos la soluci\u00f3n de sus casos.<\/p>\n\n\n\n<p>Particularmente se\u00f1alaron el caso del subsecretario de Administraci\u00f3n y Finanzas de la SEG, Alejandro Moreno Lira, quien tiene bajo su resguardo las plazas que ellos reclaman y de \u00e9l depende la soluci\u00f3n al problema.<\/p>\n\n\n\n<p>Tambi\u00e9n se\u00f1alaron al director de Personal de la dependencia, Julio Secundino y al responsable de Planeaci\u00f3n, Benjam\u00edn Pereira.<\/p>\n\n\n\n<p>Con ellos ten\u00edan agendada una reuni\u00f3n pero no llegaron, m\u00e1s a\u00fan, sus colaboradores mencionaron que no ten\u00edan informaci\u00f3n respecto a la situaci\u00f3n en que se encuentran los asuntos pendientes.<\/p>\n\n\n\n<p>Corina Avellaneda Garc\u00eda, una de las manifestantes, destac\u00f3 que mientras no se resuelvan los m\u00e1s de 140 casos de profesores que se encuentran debidamente evaluados, no se deben emitir m\u00e1s nombramientos, tanto interinatos como de C\u00f3digo 10, sin embargo eso no se ha detenido.<\/p>\n\n\n\n<p>Como pos nombramientos provisionales se siguen emitiendo, dijo que los funcionarios de la SEG incurren en irregularidades que impactan en el \u00e1mbito de la legislaci\u00f3n federal.<\/p>\n\n\n\n<p>Indic\u00f3 que de los 140 casos apenas se han atendido un promedio de 70, de tal manera que es necesario que el titular de la SEG, Marcial Rodr\u00edguez Salda\u00f1a tome nota de lo que est\u00e1 sucediendo en la dependencia.<\/p>\n\n\n\n<p>Si no se les atiende, la profesora advirti\u00f3 que las actividades se van a intensificar.<br><\/p>\n","protected":false},"excerpt":{"rendered":"<p>&#8212; Se niegan a encauzar el procedimiento para la liberaci\u00f3n de plazas Jes\u00fas Dorantes Maestros evaluados denunciaron que la estructura de la Secretar\u00eda de Educaci\u00f3n Guerrero (SEG) los dej\u00f3 plantados,&hellip; <\/p>\n","protected":false},"author":8,"featured_media":44866,"comment_status":"open","ping_status":"open","sticky":false,"template":"","format":"standard","meta":{"fifu_image_url":"","fifu_image_alt":"","footnotes":""},"categories":[6],"tags":[],"class_list":["post-44865","post","type-post","status-publish","format-standard","has-post-thumbnail","hentry","category-educacion"],"_links":{"self":[{"href":"https:\/\/www.interaccionnoticias.com.mx\/index.php?rest_route=\/wp\/v2\/posts\/44865","targetHints":{"allow":["GET"]}}],"collection":[{"href":"https:\/\/www.interaccionnoticias.com.mx\/index.php?rest_route=\/wp\/v2\/posts"}],"about":[{"href":"https:\/\/www.interaccionnoticias.com.mx\/index.php?rest_route=\/wp\/v2\/types\/post"}],"author":[{"embeddable":true,"href":"https:\/\/www.interaccionnoticias.com.mx\/index.php?rest_route=\/wp\/v2\/users\/8"}],"replies":[{"embeddable":true,"href":"https:\/\/www.interaccionnoticias.com.mx\/index.php?rest_route=%2Fwp%2Fv2%2Fcomments&post=44865"}],"version-history":[{"count":1,"href":"https:\/\/www.interaccionnoticias.com.mx\/index.php?rest_route=\/wp\/v2\/posts\/44865\/revisions"}],"predecessor-version":[{"id":44867,"href":"https:\/\/www.interaccionnoticias.com.mx\/index.php?rest_route=\/wp\/v2\/posts\/44865\/revisions\/44867"}],"wp:featuredmedia":[{"embeddable":true,"href":"https:\/\/www.interaccionnoticias.com.mx\/index.php?rest_route=\/wp\/v2\/media\/44866"}],"wp:attachment":[{"href":"https:\/\/www.interaccionnoticias.com.mx\/index.php?rest_route=%2Fwp%2Fv2%2Fmedia&parent=44865"}],"wp:term":[{"taxonomy":"category","embeddable":true,"href":"https:\/\/www.interaccionnoticias.com.mx\/index.php?rest_route=%2Fwp%2Fv2%2Fcategories&post=44865"},{"taxonomy":"post_tag","embeddable":true,"href":"https:\/\/www.interaccionnoticias.com.mx\/index.php?rest_route=%2Fwp%2Fv2%2Ftags&post=44865"}],"curies":[{"name":"wp","href":"https:\/\/api.w.org\/{rel}","templated":true}]}}