{"id":44833,"date":"2022-05-05T20:49:18","date_gmt":"2022-05-06T01:49:18","guid":{"rendered":"https:\/\/interaccionnoticias.com.mx\/?p=44833"},"modified":"2022-05-05T20:49:23","modified_gmt":"2022-05-06T01:49:23","slug":"lider-del-congreso-de-guerrero-plantea-recopilacion-de-logros-de-la-jucopo","status":"publish","type":"post","link":"https:\/\/www.interaccionnoticias.com.mx\/?p=44833","title":{"rendered":"L\u00edder del Congreso de Guerrero plantea \u00abrecopilaci\u00f3n de logros\u00bb de la Jucopo"},"content":{"rendered":"\n<p><strong><em>&#8212; Alfredo S\u00e1nchez Esquivel asegura que dicha instancia de gobierno ha cumplido cabalmente con su responsabilidad<\/em><\/strong><\/p>\n\n\n\n<p><strong>Rogelio Agust\u00edn<\/strong><\/p>\n\n\n\n<p>El presidente de la Junta de Coordinaci\u00f3n Pol\u00edtica (Jucopo) del Congreso local, Alfredo S\u00e1nchez Esquivel sostuvo que dicha instancia ha cumplido a \u00abcabalidad\u00bb con sus responsabilidades, sin dejar de reconocer que se tienen asuntos pendientes.<\/p>\n\n\n\n<p>Ante la serie de cr\u00edticas que se han hecho al desempe\u00f1o de la Jucopo, como uno de los \u00f3rganos de gobierno del Poder Legislativo, el tambi\u00e9n l\u00edder parlamentario de Morena consider\u00f3 importante hacer una \u00abrecopilaci\u00f3n de los logros\u00bb alcanzados en lo que va de la 63 Legislatura.<\/p>\n\n\n\n<p>Como primer punto, cit\u00f3 el caso de la integraci\u00f3n de Comisiones ordinarias del Congreso, en las que indic\u00f3, se gener\u00f3 el consenso a partir de que se garantiz\u00f3 el equilibrio entre las fuerzas pol\u00edticas.<\/p>\n\n\n\n<p>El segundo punto que mencion\u00f3, fue la designaci\u00f3n \u00abpor una amplia mayor\u00eda\u00bb del recipiendario de la presea Sentimientos de la Naci\u00f3n, que en septiembre de 2021 recay\u00f3 en el doctor en Derecho Eduardo L\u00f3pez Betancourt, quien actualmente se encuentra vinculado a proceso por acoso sexual.<\/p>\n\n\n\n<p>El tercer asunto al que hace referencia como logro es la toma de protesta de la actual gobernadora, Evelyn Salgado Pineda, pues se\u00f1al\u00f3 que todas las fuerzas pol\u00edticas se manejaron con responsabilidad.<\/p>\n\n\n\n<p>El cuarto punto al que hace referencia es la emisi\u00f3n de la convocatoria para designar a un titular en la Fiscal\u00eda General del Estado (FGE), aunque dicho procedimiento no se concret\u00f3 porque no se alcanz\u00f3 la mayor\u00eda calificada y la titular del Ejecutivo tuvo que ejercer la facultad de nombrar a la actual titular, Sandra Luz Valdovinos Salmer\u00f3n por designaci\u00f3n directa.<\/p>\n\n\n\n<p>El quinto punto, que califica de manera positiva aunque no se concret\u00f3 fue la designaci\u00f3n de titular en la Auditor\u00eda Superior del Estado (FGE), tema en el que no se alcanz\u00f3 la mayor\u00eda calificada, de tal manera que dicha instancia trabaja con una encargada de despacho.<\/p>\n\n\n\n<p>\u00abNo se logr\u00f3 el consenso, pero tampoco se impuso un dedazo y el asunto se empuj\u00f3 desde la Jucopo\u00bb, anot\u00f3.<\/p>\n\n\n\n<p>Lo que s\u00ed se logr\u00f3 desahogar fue el nombramiento de Miguel Alejandro Guizado como titular de la Fiscal\u00eda Especializada en Delitos Electorales y en la designaci\u00f3n del abogado Ricardo Salinas Sandoval como magistrado del Poder Judicial local, aunque un amplio grupo de juezas reprochan que no se haya respetado el criterio de paridad.<\/p>\n\n\n\n<p>La relatoria de logros cierra con la consulta realizada a partir de la sentencia emitida por la Suprema Corte de Justicia de la Naci\u00f3n (SCJN), en materia de derechos y cultura de los pueblos originarios y afromexicanos.<\/p>\n\n\n\n<p>En la ruta de cumplir con la sentencia de la SCJN se aprob\u00f3 la nueva Ley del Sistema de Seguridad P\u00fablica del Estado, que sufri\u00f3 un momento de crisis cuando se alter\u00f3 de manera indebida el art\u00edculo segundo del apartado de transitorios, lo que deriv\u00f3 en un diferendo con el Ejecutivo local.<\/p>\n\n\n\n<p>Para el diputado S\u00e1nchez Esquivel, pese a los argumentos que se puedan plantear en contra, as\u00ed como las diferencias que tengan sus integrantes, la Jucopo de la 63 Legislatura ha cumplido cabalmente con sus responsabilidades.<br><\/p>\n","protected":false},"excerpt":{"rendered":"<p>&#8212; Alfredo S\u00e1nchez Esquivel asegura que dicha instancia de gobierno ha cumplido cabalmente con su responsabilidad Rogelio Agust\u00edn El presidente de la Junta de Coordinaci\u00f3n Pol\u00edtica (Jucopo) del Congreso local,&hellip; <\/p>\n","protected":false},"author":21,"featured_media":44822,"comment_status":"open","ping_status":"open","sticky":false,"template":"","format":"standard","meta":{"fifu_image_url":"","fifu_image_alt":"","footnotes":""},"categories":[2],"tags":[],"class_list":["post-44833","post","type-post","status-publish","format-standard","has-post-thumbnail","hentry","category-congreso"],"_links":{"self":[{"href":"https:\/\/www.interaccionnoticias.com.mx\/index.php?rest_route=\/wp\/v2\/posts\/44833","targetHints":{"allow":["GET"]}}],"collection":[{"href":"https:\/\/www.interaccionnoticias.com.mx\/index.php?rest_route=\/wp\/v2\/posts"}],"about":[{"href":"https:\/\/www.interaccionnoticias.com.mx\/index.php?rest_route=\/wp\/v2\/types\/post"}],"author":[{"embeddable":true,"href":"https:\/\/www.interaccionnoticias.com.mx\/index.php?rest_route=\/wp\/v2\/users\/21"}],"replies":[{"embeddable":true,"href":"https:\/\/www.interaccionnoticias.com.mx\/index.php?rest_route=%2Fwp%2Fv2%2Fcomments&post=44833"}],"version-history":[{"count":1,"href":"https:\/\/www.interaccionnoticias.com.mx\/index.php?rest_route=\/wp\/v2\/posts\/44833\/revisions"}],"predecessor-version":[{"id":44834,"href":"https:\/\/www.interaccionnoticias.com.mx\/index.php?rest_route=\/wp\/v2\/posts\/44833\/revisions\/44834"}],"wp:featuredmedia":[{"embeddable":true,"href":"https:\/\/www.interaccionnoticias.com.mx\/index.php?rest_route=\/wp\/v2\/media\/44822"}],"wp:attachment":[{"href":"https:\/\/www.interaccionnoticias.com.mx\/index.php?rest_route=%2Fwp%2Fv2%2Fmedia&parent=44833"}],"wp:term":[{"taxonomy":"category","embeddable":true,"href":"https:\/\/www.interaccionnoticias.com.mx\/index.php?rest_route=%2Fwp%2Fv2%2Fcategories&post=44833"},{"taxonomy":"post_tag","embeddable":true,"href":"https:\/\/www.interaccionnoticias.com.mx\/index.php?rest_route=%2Fwp%2Fv2%2Ftags&post=44833"}],"curies":[{"name":"wp","href":"https:\/\/api.w.org\/{rel}","templated":true}]}}