{"id":44831,"date":"2022-05-05T20:45:10","date_gmt":"2022-05-06T01:45:10","guid":{"rendered":"https:\/\/interaccionnoticias.com.mx\/?p=44831"},"modified":"2022-05-05T20:45:14","modified_gmt":"2022-05-06T01:45:14","slug":"taxista-sordo-es-acusado-de-secuestrador","status":"publish","type":"post","link":"https:\/\/www.interaccionnoticias.com.mx\/?p=44831","title":{"rendered":"Taxista sordo, es acusado de secuestrador"},"content":{"rendered":"\n<p><strong><em>&#8212; Pasajera se arroja del veh\u00edculo y lo se\u00f1ala<br>&#8212; Se presenta al MP para declarar que es mentira<\/em><\/strong><\/p>\n\n\n\n<p><strong>Javier Trujillo<\/strong><\/p>\n\n\n\n<p><strong>Acapulco, Gro. \u2013<\/strong> Sabino Armando Vargas, es un trabajador del volante, qu\u00e9 durante los \u00faltimos 30 a\u00f1os de su vida en Acapulco, se ha dedicado a trabajar un taxi en las diferentes colonias del puerto.<\/p>\n\n\n\n<p>En su colonia, lo conocen como \u201cEl Chivo\u201d, hombre al que conocen decenas de habitantes como una persona trabajadora, decente y sobre todo honesta. Pero, recientemente lo acusaron, primero en redes sociales y despu\u00e9s ante el Ministerio P\u00fablico, como presunto secuestrador.<\/p>\n\n\n\n<p>En d\u00edas pasados, el sedicente presidente de la Federaci\u00f3n de C\u00e1maras de Comercio (Fecanaco), Alejandro Mart\u00ednez Sidney, afirm\u00f3 que el taxista, quer\u00eda secuestrar a su hija y que ella se arroj\u00f3 del taxi.<\/p>\n\n\n\n<p>\u201cA la muchacha la sub\u00ed por el colegio Gandi, en Las Am\u00e9rica\u2013fraccionamiento Las Playas\u2013, me dijo que la llevara a tal lugar, pero no le entend\u00ed, yo le quer\u00eda leer los labios a ella, para saber a d\u00f3nde iba.<br>\u201cBajando Las Am\u00e9ricas, por donde est\u00e1 la gasoliner\u00eda que est\u00e1 ah\u00ed, yo o\u00ed que son\u00f3 la puerta y ya la muchacha, ya no estaba en el asiento. Me estacion\u00e9, y fui a verla para auxiliarla, \u00bfle pregunt\u00e9 ni\u00f1a que tienes? \u00bfQu\u00e9 te pas\u00f3?, yo temblaba, la rega\u00f1\u00e9 y le dije que me hubiera hablado recio\u201d, le dijo a la mujer, que momentos antes era pasajera del taxi.<\/p>\n\n\n\n<p>Este jueves, Vargas Salinas acudi\u00f3 al Ministerio P\u00fablico de la coordinaci\u00f3n de los Barrios Hist\u00f3ricos, en el puerto de Acapulco, donde rindi\u00f3 su declaraci\u00f3n ministerial con respecto a los hechos donde supuestamente intent\u00f3 llevarse a la hija de Mart\u00ednez Sidney, raz\u00f3n por la cual se tir\u00f3 del veh\u00edculo.<\/p>\n\n\n\n<p>Es as\u00ed como familiares y vecinos acompa\u00f1aron al taxista, y con cartulinas en las manos se manifestaron en el Ministerio P\u00fablico, donde dijeron que \u201cEl Chivo\u201d es inocente de lo que se le acusa.<\/p>\n\n\n\n<p>Relat\u00f3 que luego de que la mujer se arrojada del taxi, \u00e9l se estacion\u00f3 metros adelante y baj\u00f3 espantado para saber qu\u00e9 hab\u00eda pasado a la joven, fue cuando las personas que transitaban en el lugar lo se\u00f1alaron de querer llevarse a la f\u00e9mina y le tomaron fotograf\u00edas que subieron a las redes sociales.<\/p>\n\n\n\n<p>\u201cGracias a Dios no me agarraron, porque la gente hace justicia propia en estos casos que me pas\u00f3 a m\u00ed.<br>\u201cVan a pensar que yo era un secuestrador, pero la ni\u00f1a est\u00e1 equivocada, no s\u00e9 por qu\u00e9 dijo as\u00ed. Es mentira lo que ella dice\u201d, expres\u00f3, tras se\u00f1alar que desde hace tiempo tiene problemas auditivos.<\/p>\n\n\n\n<p>Mencion\u00f3 que \u00e9l tiene m\u00e1s de 20 a\u00f1os con problemas auditivos, por lo cual no escucha bien a los pasajeros, y les pide a las personas que le hablen fuerte o le toquen el hombro para indicarles que se van a bajar, situaci\u00f3n que no pas\u00f3 con la hija del l\u00edder Mart\u00ednez Sidney.<\/p>\n\n\n\n<p>El abogado del taxista, Sabino, Jorge Luis de la Rosa Meza explic\u00f3 que acudieron de manera voluntaria al Ministerio P\u00fablico a rendir su declaraci\u00f3n por el delito de privaci\u00f3n de la libertad, que le imputan al conductor, y para mostrar las pruebas que demuestren su inocencia y limpien su imagen.<br><\/p>\n","protected":false},"excerpt":{"rendered":"<p>&#8212; Pasajera se arroja del veh\u00edculo y lo se\u00f1ala&#8212; Se presenta al MP para declarar que es mentira Javier Trujillo Acapulco, Gro. \u2013 Sabino Armando Vargas, es un trabajador del&hellip; <\/p>\n","protected":false},"author":3,"featured_media":44819,"comment_status":"open","ping_status":"open","sticky":false,"template":"","format":"standard","meta":{"fifu_image_url":"","fifu_image_alt":"","footnotes":""},"categories":[242],"tags":[],"class_list":["post-44831","post","type-post","status-publish","format-standard","has-post-thumbnail","hentry","category-acapulco"],"_links":{"self":[{"href":"https:\/\/www.interaccionnoticias.com.mx\/index.php?rest_route=\/wp\/v2\/posts\/44831","targetHints":{"allow":["GET"]}}],"collection":[{"href":"https:\/\/www.interaccionnoticias.com.mx\/index.php?rest_route=\/wp\/v2\/posts"}],"about":[{"href":"https:\/\/www.interaccionnoticias.com.mx\/index.php?rest_route=\/wp\/v2\/types\/post"}],"author":[{"embeddable":true,"href":"https:\/\/www.interaccionnoticias.com.mx\/index.php?rest_route=\/wp\/v2\/users\/3"}],"replies":[{"embeddable":true,"href":"https:\/\/www.interaccionnoticias.com.mx\/index.php?rest_route=%2Fwp%2Fv2%2Fcomments&post=44831"}],"version-history":[{"count":1,"href":"https:\/\/www.interaccionnoticias.com.mx\/index.php?rest_route=\/wp\/v2\/posts\/44831\/revisions"}],"predecessor-version":[{"id":44832,"href":"https:\/\/www.interaccionnoticias.com.mx\/index.php?rest_route=\/wp\/v2\/posts\/44831\/revisions\/44832"}],"wp:featuredmedia":[{"embeddable":true,"href":"https:\/\/www.interaccionnoticias.com.mx\/index.php?rest_route=\/wp\/v2\/media\/44819"}],"wp:attachment":[{"href":"https:\/\/www.interaccionnoticias.com.mx\/index.php?rest_route=%2Fwp%2Fv2%2Fmedia&parent=44831"}],"wp:term":[{"taxonomy":"category","embeddable":true,"href":"https:\/\/www.interaccionnoticias.com.mx\/index.php?rest_route=%2Fwp%2Fv2%2Fcategories&post=44831"},{"taxonomy":"post_tag","embeddable":true,"href":"https:\/\/www.interaccionnoticias.com.mx\/index.php?rest_route=%2Fwp%2Fv2%2Ftags&post=44831"}],"curies":[{"name":"wp","href":"https:\/\/api.w.org\/{rel}","templated":true}]}}