{"id":44829,"date":"2022-05-05T20:40:20","date_gmt":"2022-05-06T01:40:20","guid":{"rendered":"https:\/\/interaccionnoticias.com.mx\/?p=44829"},"modified":"2022-05-05T20:40:25","modified_gmt":"2022-05-06T01:40:25","slug":"la-votacion-para-la-despenalizacion-del-aborto-sera-a-conciencia-de-cada-legislador-priista-flor-anorve","status":"publish","type":"post","link":"https:\/\/www.interaccionnoticias.com.mx\/?p=44829","title":{"rendered":"La votaci\u00f3n para la despenalizaci\u00f3n del aborto ser\u00e1 a conciencia de cada legislador priista: Flor A\u00f1orve"},"content":{"rendered":"\n<p><strong>Rosario Garc\u00eda Orozco<\/strong><\/p>\n\n\n\n<p><strong>Chilpancingo, Gro., 5 de mayo del 2022.-<\/strong> El an\u00e1lisis, discusi\u00f3n y votaci\u00f3n del dictamen que plantea la despenalizaci\u00f3n del aborto ser\u00e1 el pr\u00f3ximo mi\u00e9rcoles confirm\u00f3 la presidenta de la Mesa Directiva del Congreso Local, Flor A\u00f1orve Ocampo.<\/p>\n\n\n\n<p>Explic\u00f3 que inicio el proceso legislativo acerca de la iniciativa de ley a trav\u00e9s de la cual se pretende despenalizar el aborto en la entidad, desde que se dio entrada al dictamen de la Comisi\u00f3n de Justicia.<\/p>\n\n\n\n<p>La legisladora pri\u00edsta coment\u00f3 que a la hora de votar el dictamen en menci\u00f3n, los diputados locales integrantes de esta bancada tienen el acuerdo de hacerlo de manera libre y de acuerdo a su propias convicciones.<\/p>\n\n\n\n<p>Entrevistada al t\u00e9rmino del evento conmemorativo al 160 aniversario de la Batalla de Puebla, en el cual juraron Bandera los conscriptos del Servicio Militar Nacional, descart\u00f3 que haya discrepancias al interior del Grupo Parlamentario del PRI, despu\u00e9s de que en la sesi\u00f3n del pleno llevada a cabo el mi\u00e9rcoles de esta semana, su compa\u00f1ero de bancada, Jes\u00fas Parra Garc\u00eda le hizo algunos reproches y reclamos de manera abierta.<\/p>\n\n\n\n<p>La diputada local atribuy\u00f3 estas fricciones entre los mismos compa\u00f1eros de bancada por la pol\u00e9mica natural que encierra el \u00abpol\u00e9mico tema del aborto\u00bb y por lo mismo es que llegaron al acuerdo de que sobre este asunto en particular cada integrante del Grupo Parlamentario \u201cdar\u00e1 un voto de conciencia\u201d.<\/p>\n\n\n\n<p>Flor A\u00f1orve reconoci\u00f3 que en ocasiones ese tipo de iniciativas \u00abhacen mella\u201d al interior de la bancada, \u201cpero fue un acuerdo y lo vamos a respetar: que cada quien, en este tema, vote de manera consciente\u201d.<\/p>\n\n\n\n<p>Agrego que generalmente los diputados integrantes de la Fracci\u00f3n Parlamentaria del PRI toman un acuerdo conjunto, \u201cpero en este caso el acuerdo fue que ser\u00eda un voto bajo la conciencia y convicci\u00f3n de cada quien, y que cada uno de nosotros tomar\u00eda la decisi\u00f3n correspondiente\u201d.<\/p>\n\n\n\n<p>Mencion\u00f3 que la pr\u00f3xima sesi\u00f3n de pleno del Congreso del Estado est\u00e1 citada para llevarse a cabo el pr\u00f3ximo mi\u00e9rcoles y ser\u00e1 ah\u00ed, \u201csi no hay alg\u00fan otro contratiempo\u201d, donde se dar\u00e1 la segunda lectura al dictamen sobre la despenalizaci\u00f3n del aborto y posteriormente se analice, se discuta y se vote.<br><\/p>\n","protected":false},"excerpt":{"rendered":"<p>Rosario Garc\u00eda Orozco Chilpancingo, Gro., 5 de mayo del 2022.- El an\u00e1lisis, discusi\u00f3n y votaci\u00f3n del dictamen que plantea la despenalizaci\u00f3n del aborto ser\u00e1 el pr\u00f3ximo mi\u00e9rcoles confirm\u00f3 la presidenta&hellip; <\/p>\n","protected":false},"author":14,"featured_media":44817,"comment_status":"open","ping_status":"open","sticky":false,"template":"","format":"standard","meta":{"fifu_image_url":"","fifu_image_alt":"","footnotes":""},"categories":[2],"tags":[],"class_list":["post-44829","post","type-post","status-publish","format-standard","has-post-thumbnail","hentry","category-congreso"],"_links":{"self":[{"href":"https:\/\/www.interaccionnoticias.com.mx\/index.php?rest_route=\/wp\/v2\/posts\/44829","targetHints":{"allow":["GET"]}}],"collection":[{"href":"https:\/\/www.interaccionnoticias.com.mx\/index.php?rest_route=\/wp\/v2\/posts"}],"about":[{"href":"https:\/\/www.interaccionnoticias.com.mx\/index.php?rest_route=\/wp\/v2\/types\/post"}],"author":[{"embeddable":true,"href":"https:\/\/www.interaccionnoticias.com.mx\/index.php?rest_route=\/wp\/v2\/users\/14"}],"replies":[{"embeddable":true,"href":"https:\/\/www.interaccionnoticias.com.mx\/index.php?rest_route=%2Fwp%2Fv2%2Fcomments&post=44829"}],"version-history":[{"count":1,"href":"https:\/\/www.interaccionnoticias.com.mx\/index.php?rest_route=\/wp\/v2\/posts\/44829\/revisions"}],"predecessor-version":[{"id":44830,"href":"https:\/\/www.interaccionnoticias.com.mx\/index.php?rest_route=\/wp\/v2\/posts\/44829\/revisions\/44830"}],"wp:featuredmedia":[{"embeddable":true,"href":"https:\/\/www.interaccionnoticias.com.mx\/index.php?rest_route=\/wp\/v2\/media\/44817"}],"wp:attachment":[{"href":"https:\/\/www.interaccionnoticias.com.mx\/index.php?rest_route=%2Fwp%2Fv2%2Fmedia&parent=44829"}],"wp:term":[{"taxonomy":"category","embeddable":true,"href":"https:\/\/www.interaccionnoticias.com.mx\/index.php?rest_route=%2Fwp%2Fv2%2Fcategories&post=44829"},{"taxonomy":"post_tag","embeddable":true,"href":"https:\/\/www.interaccionnoticias.com.mx\/index.php?rest_route=%2Fwp%2Fv2%2Ftags&post=44829"}],"curies":[{"name":"wp","href":"https:\/\/api.w.org\/{rel}","templated":true}]}}