{"id":44810,"date":"2022-05-05T18:18:07","date_gmt":"2022-05-05T23:18:07","guid":{"rendered":"https:\/\/interaccionnoticias.com.mx\/?p=44810"},"modified":"2022-05-05T18:18:11","modified_gmt":"2022-05-05T23:18:11","slug":"por-sus-pistolas-lider-del-congreso-habia-sacado-el-dictamen-sobre-la-despenalizacion-del-aborto-de-la-sesion-del-pleno","status":"publish","type":"post","link":"https:\/\/www.interaccionnoticias.com.mx\/?p=44810","title":{"rendered":"\u00abPor sus pistolas\u00bb, l\u00edder del Congreso hab\u00eda sacado el dictamen sobre la despenalizaci\u00f3n del aborto de la sesi\u00f3n del Pleno"},"content":{"rendered":"\n<p><strong><em>&#8212; Coordinador del PRI sostiene que el Congreso de Guerrero es \u00abtierra de nadie\u00bb<\/em><\/strong><\/p>\n\n\n\n<p><strong>Rogelio Agust\u00edn<\/strong><\/p>\n\n\n\n<p>El coordinador de la fracci\u00f3n parlamentaria del PRI, H\u00e9ctor Apreza Patr\u00f3n acus\u00f3 al presidente de la Junta de Coordinaci\u00f3n Pol\u00edtica (Jucopo) del Congreso local, Alfredo S\u00e1nchez Esquivel de haber sacado \u00abpor sus pistolas\u00bb el tema de la despenalizaci\u00f3n del aborto de la sesi\u00f3n realizada la jornada del mi\u00e9rcoles 4 de mayo.<br>Apreza Patr\u00f3n sostuvo que lo vivido el pasado mi\u00e9rcoles, es una \u00abexpresi\u00f3n brutal\u00bb de las inconsistencias con las que trabaja el Poder Legislativo de Guerrero.<\/p>\n\n\n\n<p>Record\u00f3 que hasta la tarde del martes 3 de mayo, la Jucopo ten\u00eda definida una Orden del D\u00eda en la que estaba considerado el dictamen que la Comisi\u00f3n de Justicia presentaba sobre la despenalizaci\u00f3n del aborto.<br>Record\u00f3 que ya de por s\u00ed el dictamen ten\u00eda el cuestionamiento respecto a su legalidad, porque se aprob\u00f3 sin tomar en cuenta al presidente y una vocal de la Comisi\u00f3n de Justicia.<\/p>\n\n\n\n<p>\u00abA\u00fan as\u00ed, ten\u00edamos una Orden del D\u00eda pactada, pero por ah\u00ed de las 21:00 horas nos lleg\u00f3 una Orden del D\u00eda en la que ya no estaba incorporado el tema del aborto\u00bb.<\/p>\n\n\n\n<p>Apreza Patr\u00f3n enfatiza: \u00abPor sus pistolas, el presidente de la Jucopo retir\u00f3 el punto, pero ya en la sesi\u00f3n la fracci\u00f3n de Morena pidi\u00f3 que se reincoporara y se desat\u00f3 una discusi\u00f3n en la que salieron se\u00f1alamientos muy serios\u00bb.<\/p>\n\n\n\n<p>Lo sucedido, de acuerdo con el l\u00edder de la bancada del PRI, deja en claro que el Congreso se encuentra en un claro contexto de ilegalidad.<\/p>\n\n\n\n<p>\u00abEl Congreso en estos momentos es tierra de nadie, porque ni siquiera estamos respetando nuestra Ley Org\u00e1nica\u00bb, asegur\u00f3.<\/p>\n\n\n\n<p>Ya en el debate, destac\u00f3 que hubo legisladores de Morena, como Jacinto Gonz\u00e1lez Varona y Leticia Moso Hern\u00e1ndez del PT, que plantearon de manera concreta que ante el deficiente trabajo que realiza la Jucopo, dicha instancia debe ser rebasada y las decisiones las debe tomar el Pleno, que es la m\u00e1xima representaci\u00f3n en el Congreso local.<\/p>\n\n\n\n<p>Dijo que de asumirse una actitud autocr\u00edtica respecto a lo que sucede en el Congreso, se llegar\u00e1 a la conclusi\u00f3n de que la Jucopo y sus integrantes le est\u00e1n quedando a deber mucho al estado de Guerrero.<\/p>\n","protected":false},"excerpt":{"rendered":"<p>&#8212; Coordinador del PRI sostiene que el Congreso de Guerrero es \u00abtierra de nadie\u00bb Rogelio Agust\u00edn El coordinador de la fracci\u00f3n parlamentaria del PRI, H\u00e9ctor Apreza Patr\u00f3n acus\u00f3 al presidente&hellip; <\/p>\n","protected":false},"author":21,"featured_media":44811,"comment_status":"open","ping_status":"open","sticky":false,"template":"","format":"standard","meta":{"fifu_image_url":"","fifu_image_alt":"","footnotes":""},"categories":[2],"tags":[],"class_list":["post-44810","post","type-post","status-publish","format-standard","has-post-thumbnail","hentry","category-congreso"],"_links":{"self":[{"href":"https:\/\/www.interaccionnoticias.com.mx\/index.php?rest_route=\/wp\/v2\/posts\/44810","targetHints":{"allow":["GET"]}}],"collection":[{"href":"https:\/\/www.interaccionnoticias.com.mx\/index.php?rest_route=\/wp\/v2\/posts"}],"about":[{"href":"https:\/\/www.interaccionnoticias.com.mx\/index.php?rest_route=\/wp\/v2\/types\/post"}],"author":[{"embeddable":true,"href":"https:\/\/www.interaccionnoticias.com.mx\/index.php?rest_route=\/wp\/v2\/users\/21"}],"replies":[{"embeddable":true,"href":"https:\/\/www.interaccionnoticias.com.mx\/index.php?rest_route=%2Fwp%2Fv2%2Fcomments&post=44810"}],"version-history":[{"count":1,"href":"https:\/\/www.interaccionnoticias.com.mx\/index.php?rest_route=\/wp\/v2\/posts\/44810\/revisions"}],"predecessor-version":[{"id":44812,"href":"https:\/\/www.interaccionnoticias.com.mx\/index.php?rest_route=\/wp\/v2\/posts\/44810\/revisions\/44812"}],"wp:featuredmedia":[{"embeddable":true,"href":"https:\/\/www.interaccionnoticias.com.mx\/index.php?rest_route=\/wp\/v2\/media\/44811"}],"wp:attachment":[{"href":"https:\/\/www.interaccionnoticias.com.mx\/index.php?rest_route=%2Fwp%2Fv2%2Fmedia&parent=44810"}],"wp:term":[{"taxonomy":"category","embeddable":true,"href":"https:\/\/www.interaccionnoticias.com.mx\/index.php?rest_route=%2Fwp%2Fv2%2Fcategories&post=44810"},{"taxonomy":"post_tag","embeddable":true,"href":"https:\/\/www.interaccionnoticias.com.mx\/index.php?rest_route=%2Fwp%2Fv2%2Ftags&post=44810"}],"curies":[{"name":"wp","href":"https:\/\/api.w.org\/{rel}","templated":true}]}}