{"id":44804,"date":"2022-05-05T17:49:56","date_gmt":"2022-05-05T22:49:56","guid":{"rendered":"https:\/\/interaccionnoticias.com.mx\/?p=44804"},"modified":"2022-05-05T17:50:01","modified_gmt":"2022-05-05T22:50:01","slug":"se-consolida-el-proyecto-turistico-riviera-san-marcos-en-guerrero-gonzales-de-la-vega","status":"publish","type":"post","link":"https:\/\/www.interaccionnoticias.com.mx\/?p=44804","title":{"rendered":"Se consolida el proyecto tur\u00edstico Riviera San Marcos en Guerrero: Gonz\u00e1les de la Vega"},"content":{"rendered":"\n<p><strong><em>&#8212; Tendr\u00e1 una inversi\u00f3n superior a los 2 mil 300 millones de d\u00f3lares<br>&#8212; Habr\u00e1 beneficios para m\u00e1s de 23 mil guerrerenses<\/em><\/strong><\/p>\n\n\n\n<p><strong>Javier Trujillo<\/strong><\/p>\n\n\n\n<p><strong>Acapulco, Gro. \u2013<\/strong> El proyecto inmobiliario tur\u00edstico Riviera San marcos, tendr\u00e1 una inversi\u00f3n superior a los dos mil 300 millones de d\u00f3lares, con lo cual se plantea consolidar el desarrollo tur\u00edstico en la Costa Chica.<\/p>\n\n\n\n<p>El grupo de desarrolladores e inversionistas que participan en el proyecto Riviera San Marcos, son Eduardo S\u00e1nchez Navarro, presidente del Grupo Questro; Rafael Posada Cueto, presidente del Consejo Corporativa Bomeo, y Ra\u00fal Morales Berdejo, director General de Mercatus.<\/p>\n\n\n\n<p>\u201cVa a generar, alrededor de 23 mil empleos directos y alrededor de 50 mil indirectos, con una inversi\u00f3n global de dos mil 300 millones de d\u00f3lares.<\/p>\n\n\n\n<p>\u201cSer\u00e1 en el tercer o cuarto a\u00f1o de gobierno de Evelyn Salgado Pineda, para que se instale el primer hotel boutique, va a ser ecol\u00f3gicamente muy respetado, con mucha armon\u00eda con el medio ambiente, son bellezas naturales\u201d, explic\u00f3 el director de la Promotora Tur\u00edstica de Guerrero, Jos\u00e9 Luis Gonz\u00e1lez de la Vega.<\/p>\n\n\n\n<p>Lo anterior, al ser entrevistado, tras participar en el panel de Alianza Guerrero, durante el segundo d\u00eda del Encuentro de Industriales 2022 que realiza la Concamin en el puerto de Acapulco.<\/p>\n\n\n\n<p>Detall\u00f3 que se cuidar\u00e1 el tema del desarrollo que implica la participaci\u00f3n de nueve ejidos, en los cuales se integrar\u00e1n las comunidades para que sean socios no empleados, y la zona tiene potencial tur\u00edstico, para el desarrollo econ\u00f3mico.<\/p>\n\n\n\n<p>Gonz\u00e1lez de la Vega, consider\u00f3 que el proyecto tur\u00edstico es algo al que todos debemos de apostarle, todos los involucrados y ser\u00e1 un proyecto ecol\u00f3gico y sustentable, reiter\u00f3 en entrevista.<\/p>\n\n\n\n<p>Es una convergencia de bienestar porque no es nuevo, se viene trabajando desde hace m\u00e1s de 14 a\u00f1os.<\/p>\n\n\n\n<p>Adem\u00e1s, los empleos que habr\u00e1n de generarse permitir\u00e1n, obtener mano de obra de San Marcos, y de la regi\u00f3n costera. A\u00f1adi\u00f3 que se respetar\u00e1 el medio ambiente en esta zona y se construye hasta el momento cinco kil\u00f3metros de carretera y una vez que se tenga 16 kil\u00f3metros m\u00e1s, los inversionistas empezar\u00e1n a bajar su proyecto.<\/p>\n\n\n\n<p>Finalmente coment\u00f3 que dentro de los proyectos se tiene planeado construir parques de playas ejemplares, donde tendr\u00e1n estacionamiento, lugares para vender comida, albercas, ba\u00f1os, entre otros, atractivos.<\/p>\n","protected":false},"excerpt":{"rendered":"<p>&#8212; Tendr\u00e1 una inversi\u00f3n superior a los 2 mil 300 millones de d\u00f3lares&#8212; Habr\u00e1 beneficios para m\u00e1s de 23 mil guerrerenses Javier Trujillo Acapulco, Gro. \u2013 El proyecto inmobiliario tur\u00edstico&hellip; <\/p>\n","protected":false},"author":3,"featured_media":44805,"comment_status":"open","ping_status":"open","sticky":false,"template":"","format":"standard","meta":{"fifu_image_url":"","fifu_image_alt":"","footnotes":""},"categories":[23],"tags":[],"class_list":["post-44804","post","type-post","status-publish","format-standard","has-post-thumbnail","hentry","category-regionales"],"_links":{"self":[{"href":"https:\/\/www.interaccionnoticias.com.mx\/index.php?rest_route=\/wp\/v2\/posts\/44804","targetHints":{"allow":["GET"]}}],"collection":[{"href":"https:\/\/www.interaccionnoticias.com.mx\/index.php?rest_route=\/wp\/v2\/posts"}],"about":[{"href":"https:\/\/www.interaccionnoticias.com.mx\/index.php?rest_route=\/wp\/v2\/types\/post"}],"author":[{"embeddable":true,"href":"https:\/\/www.interaccionnoticias.com.mx\/index.php?rest_route=\/wp\/v2\/users\/3"}],"replies":[{"embeddable":true,"href":"https:\/\/www.interaccionnoticias.com.mx\/index.php?rest_route=%2Fwp%2Fv2%2Fcomments&post=44804"}],"version-history":[{"count":1,"href":"https:\/\/www.interaccionnoticias.com.mx\/index.php?rest_route=\/wp\/v2\/posts\/44804\/revisions"}],"predecessor-version":[{"id":44806,"href":"https:\/\/www.interaccionnoticias.com.mx\/index.php?rest_route=\/wp\/v2\/posts\/44804\/revisions\/44806"}],"wp:featuredmedia":[{"embeddable":true,"href":"https:\/\/www.interaccionnoticias.com.mx\/index.php?rest_route=\/wp\/v2\/media\/44805"}],"wp:attachment":[{"href":"https:\/\/www.interaccionnoticias.com.mx\/index.php?rest_route=%2Fwp%2Fv2%2Fmedia&parent=44804"}],"wp:term":[{"taxonomy":"category","embeddable":true,"href":"https:\/\/www.interaccionnoticias.com.mx\/index.php?rest_route=%2Fwp%2Fv2%2Fcategories&post=44804"},{"taxonomy":"post_tag","embeddable":true,"href":"https:\/\/www.interaccionnoticias.com.mx\/index.php?rest_route=%2Fwp%2Fv2%2Ftags&post=44804"}],"curies":[{"name":"wp","href":"https:\/\/api.w.org\/{rel}","templated":true}]}}