{"id":44799,"date":"2022-05-05T16:24:10","date_gmt":"2022-05-05T21:24:10","guid":{"rendered":"https:\/\/interaccionnoticias.com.mx\/?p=44799"},"modified":"2022-05-05T17:42:00","modified_gmt":"2022-05-05T22:42:00","slug":"los-peques-factor-clave-para-la-confrontacion-entre-guerreros-unidos-y-la-normal-rural-de-ayotzinapa","status":"publish","type":"post","link":"https:\/\/www.interaccionnoticias.com.mx\/?p=44799","title":{"rendered":"\u00abLos Peques\u00bb, factor clave para la confrontaci\u00f3n entre Guerreros Unidos y la Normal Rural de Ayotzinapa"},"content":{"rendered":"\n<p><strong><em>&#8212; A ellos se atribuye el asesinato de Arturo Hern\u00e1ndez Cardona, l\u00edder de la Unidad Popular (UP), dirigente social cercano a la Normal Rural Ra\u00fal Isidro Burgos<br>&#8212; Su principal l\u00edder, V\u00edctor Hugo Palacios \u00abEl Tilo\u00bb es se\u00f1alado de desollar a Julio C\u00e9sar Mondrag\u00f3n Fontes<\/em><\/strong><\/p>\n\n\n\n<p><strong>Rogelio Agust\u00edn<\/strong><\/p>\n\n\n\n<p>\u00abLos Peques\u00bb, se encuentran relacionados con el asesinato del dirigente social Arturo Hern\u00e1ndez Cardona, los ataques del 26 de septiembre de 2014 y su l\u00edder principal, V\u00edctor Hugo Ben\u00edtez Palacios, es se\u00f1alado de torturar, asesinar y desollar a Julio C\u00e9sar Mondrag\u00f3n Fontes, una de las seis v\u00edctimas mortales de la noche de Iguala.<\/p>\n\n\n\n<p>De acuerdo con la informaci\u00f3n que la Fiscal\u00eda General del Estado (FGE) remiti\u00f3 a la entonces Procuradur\u00eda General de la Rep\u00fablica (PGR), \u00abLos Peques\u00bb se encuentran se\u00f1alados en la averiguaci\u00f3n previa HDI\/SC\/03\/0470\/2014, la cual consta de m\u00e1s de mil fojas en relaci\u00f3n con el crimen cometido en contra de Hern\u00e1ndez Cardona y dos integrantes m\u00e1s de la UP, cuyos cad\u00e1veres fueron localizados el 3 de junio de 2013 sobre la carretera federal M\u00e9xico-Acapulco, en el tramo Chilpancingo-Iguala, a la altura de Xalitla.<\/p>\n\n\n\n<p>Hern\u00e1ndez Cardona fue privado de la libertad junto con otros l\u00edderes de la UP luego de que bloquearan la Autopista Iguala-Cuernavaca, con la intenci\u00f3n de exigir la entrega de fertilizante.<\/p>\n\n\n\n<p>Nicol\u00e1s Mendoza Villa, uno de los sobrevivientes de la privaci\u00f3n ilegal de la libertad, asegur\u00f3 en una carta enviada desde el autoexilio, que \u00e9l hab\u00eda observado como el ex alcalde de Iguala, Jos\u00e9 Luis Abarca Vel\u00e1zquez hab\u00eda matado a Hern\u00e1ndez Cardona, luego de que le reclamara las acciones realizadas para exigir la entrega de fertilizante.<\/p>\n\n\n\n<p>El caso Hern\u00e1ndez Cardona fue atra\u00eddo por la Comisi\u00f3n Interamericana de Derechos Humanos (CIDH) y se anota que ese asunto, en realidad es el \u00fanico que mantiene en prisi\u00f3n al ex alcalde de Iguala.<br><br>La participaci\u00f3n de Los Peques en la estructura de Guerreros Unidos, fue establecida por la FGE a partir de las declaraciones de uno de los participantes en el levant\u00f3n contra Hern\u00e1ndez y varios integrantes de la UP, Ernesto Pineda Vega, quien al estar preso en Acapulco dijo a la FGE que tanto el ex alcalde como su entonces jefe de la Polic\u00eda Preventiva, Felipe Flores Vel\u00e1zquez eran integrantes activos de Guerreros Unidos.<\/p>\n\n\n\n<p>Cuando el cad\u00e1ver de Hern\u00e1ndez era llevado hacia el pante\u00f3n de Iguala, un grupo importante de normalistas se separ\u00f3 del cortejo f\u00fanebre y arremeti\u00f3 contra las instalaciones del ayuntamiento de Iguala, lo que gener\u00f3 la confrontaci\u00f3n entre el alcalde Abarca, los integrantes del GU y la Normal Rural de Ayotzinapa.<\/p>\n\n\n\n<p>Es la declaraci\u00f3n de Pineda Vega, la que se\u00f1ala que \u00abLos Peques\u00bb estaban liderados por los hermanos Peralta Rodr\u00edguez o Peralta Ben\u00edtez y que tuvieran una participaci\u00f3n muy activa la noche del 26 y la madrugada del 27 de septiembre de 2014 en contra de los estudiantes de la Normal Rural de Ayotzinapa.<br><br>Hay testimonios que indican, que fueron los integrantes de dicha c\u00e9lula los que torturaron, provocaron la muerte y desollaron a Julio C\u00e9sar Mondrag\u00f3n Fontes, mejor conocido como el alias de \u00abEl Chilango\u00bb, uno de los tres normalistas asesinados durante los ataques, que dejaron el saldo de seis muertos y 43 desaparecidos.<\/p>\n\n\n\n<p>La c\u00e9lula operaba en Iguala desde antes de que Guerreros Unidos se constituyera como c\u00e1rtel, tras la casi desarticulaci\u00f3n de la organizaci\u00f3n criminal de los hermanos Beltr\u00e1n Leyva.<\/p>\n\n\n\n<p>Aunque el negocio cerr\u00f3, en Iguala se recuerda que la c\u00e9lula operaba desde un lavado de autos denominado \u00abLos Peques\u00bb, propiedad de los hermanos V\u00edctor Hugo; Reynaldo, Mateo, Salvador, Ociel y Orbel\u00edn Ben\u00edtez Palacios, aunque tambi\u00e9n se conoce la participaci\u00f3n de un primo, Alejandro Palacios \u00abEl Cholo\u00bb.<\/p>\n\n\n\n<p>De los seis hermanos, V\u00edctor Hugo es identificado como el principal l\u00edder de la c\u00e9lula, su apoyo es \u00abEl Tilo\u00bb y por esa raz\u00f3n \u00abLos Peques\u00bb tambi\u00e9n son conocidos como \u00abLos Tilos\u00bb.<\/p>\n\n\n\n<p>En junio de 2016, en el lavado \u00abLos Peques\u00bb, una escisi\u00f3n del GU conocida como \u00abLa Bandera\u00bb dej\u00f3 abandonados cuatro cad\u00e1veres desmembrados con un narcomensaje, en el que la nueva organizaci\u00f3n se deslinda de cualquier relaci\u00f3n con los ataques cometidos en contra de la Normal Rural de Ayotzinapa.<\/p>\n\n\n\n<p><strong>La detenci\u00f3n de Salvador<\/strong><\/p>\n\n\n\n<p>Durante la conferencia matutina del gobierno federal, realizada la ma\u00f1ana del jueves, se confirm\u00f3 la captura de Salvador Palacios, al que se hizo referencia como operador de Guerreros Unidos (GU) y relacionado con la desaparici\u00f3n de los 43 normalistas de Ayotzinapa.<\/p>\n\n\n\n<p>La informaci\u00f3n fue confirmada por el subsecretario de Seguridad P\u00fablica, Ricardo Mej\u00eda Berdeja, quien sostuvo que se trata de un \u201cAvance en el caso Ayotzinapa\u201d.<\/p>\n\n\n\n<p>Dijo que la detenci\u00f3n ocurri\u00f3 en el estado de Morelos, en un operativo en que estuvo involucrado el Centro Nacional de Inteligencia (CNI) y la Polic\u00eda Federal Ministerial, en Jardines de Cuernavaca.<\/p>\n\n\n\n<p>Salvador ya hab\u00eda sido detenido en 2016, pero actualmente estaba en libertad, a pesar de que ten\u00eda en contra una orden de aprehensi\u00f3n por delincuencia organizada.<\/p>\n\n\n\n<p>En Iguala est\u00e1 acusado de extorsi\u00f3n y secuestro.<\/p>\n\n\n\n<p>De 2015 a 2018, el actual subsecretario de Seguridad P\u00fablica, Ricardo Mej\u00eda Berdeja fue presidente de la Comisi\u00f3n Especial que el Congreso local cre\u00f3 para dar seguimiento al Caso Ayotzinapa.<\/p>\n\n\n\n<p><\/p>\n","protected":false},"excerpt":{"rendered":"<p>&#8212; A ellos se atribuye el asesinato de Arturo Hern\u00e1ndez Cardona, l\u00edder de la Unidad Popular (UP), dirigente social cercano a la Normal Rural Ra\u00fal Isidro Burgos&#8212; Su principal l\u00edder,&hellip; <\/p>\n","protected":false},"author":21,"featured_media":44800,"comment_status":"open","ping_status":"open","sticky":false,"template":"","format":"standard","meta":{"fifu_image_url":"","fifu_image_alt":"","footnotes":""},"categories":[27],"tags":[],"class_list":["post-44799","post","type-post","status-publish","format-standard","has-post-thumbnail","hentry","category-seguridad-publica"],"_links":{"self":[{"href":"https:\/\/www.interaccionnoticias.com.mx\/index.php?rest_route=\/wp\/v2\/posts\/44799","targetHints":{"allow":["GET"]}}],"collection":[{"href":"https:\/\/www.interaccionnoticias.com.mx\/index.php?rest_route=\/wp\/v2\/posts"}],"about":[{"href":"https:\/\/www.interaccionnoticias.com.mx\/index.php?rest_route=\/wp\/v2\/types\/post"}],"author":[{"embeddable":true,"href":"https:\/\/www.interaccionnoticias.com.mx\/index.php?rest_route=\/wp\/v2\/users\/21"}],"replies":[{"embeddable":true,"href":"https:\/\/www.interaccionnoticias.com.mx\/index.php?rest_route=%2Fwp%2Fv2%2Fcomments&post=44799"}],"version-history":[{"count":2,"href":"https:\/\/www.interaccionnoticias.com.mx\/index.php?rest_route=\/wp\/v2\/posts\/44799\/revisions"}],"predecessor-version":[{"id":44803,"href":"https:\/\/www.interaccionnoticias.com.mx\/index.php?rest_route=\/wp\/v2\/posts\/44799\/revisions\/44803"}],"wp:featuredmedia":[{"embeddable":true,"href":"https:\/\/www.interaccionnoticias.com.mx\/index.php?rest_route=\/wp\/v2\/media\/44800"}],"wp:attachment":[{"href":"https:\/\/www.interaccionnoticias.com.mx\/index.php?rest_route=%2Fwp%2Fv2%2Fmedia&parent=44799"}],"wp:term":[{"taxonomy":"category","embeddable":true,"href":"https:\/\/www.interaccionnoticias.com.mx\/index.php?rest_route=%2Fwp%2Fv2%2Fcategories&post=44799"},{"taxonomy":"post_tag","embeddable":true,"href":"https:\/\/www.interaccionnoticias.com.mx\/index.php?rest_route=%2Fwp%2Fv2%2Ftags&post=44799"}],"curies":[{"name":"wp","href":"https:\/\/api.w.org\/{rel}","templated":true}]}}