{"id":44797,"date":"2022-05-05T16:18:38","date_gmt":"2022-05-05T21:18:38","guid":{"rendered":"https:\/\/interaccionnoticias.com.mx\/?p=44797"},"modified":"2022-05-05T16:18:43","modified_gmt":"2022-05-05T21:18:43","slug":"mario-moreno-se-reunira-con-el-dirigente-nacional-del-pri-alejandro-moreno","status":"publish","type":"post","link":"https:\/\/www.interaccionnoticias.com.mx\/?p=44797","title":{"rendered":"Mario Moreno se reunir\u00e1 con el dirigente nacional del PRI, Alejandro Moreno"},"content":{"rendered":"\n<p><strong><em>&#8212; El encuentro ser\u00e1 el 9 de mayo pr\u00f3ximo<\/em><\/strong><\/p>\n\n\n\n<p><strong>Rosario Garc\u00eda Orozco<\/strong><\/p>\n\n\n\n<p><strong>Chilpancingo, Gro., 5 de mayo del 2022.-<\/strong> Al acudir como invitado a la conmemoraci\u00f3n del 33 Aniversario de la fundaci\u00f3n del Partido de la Revolucionario Democr\u00e1tica (PRD), Mario Moreno Arcos, ex candidato a gobernador por la coalici\u00f3n que conformaron ese partido y el PRI, anunci\u00f3 que se reunir\u00e1 el pr\u00f3ximo 9 de mayo con el dirigente nacional del tricolor, Alejandro Moreno C\u00e1rdenas, \u00abpara saber cual es el rumbo a seguir\u00bb.<\/p>\n\n\n\n<p>Abordado por los medios de comunicaci\u00f3n a su llegada al festejo perredista, Moreno Arcos mencion\u00f3 que fue invitado por el dirigente estatal de ese partido, Alberto Catal\u00e1n Bastida, \u00abme da gusto poder compartir con mis amigos y amigas del PRD este aniversario, que para ellos tiene un significado especial y para m\u00ed tambi\u00e9n, porque orgullosamente fui el primer candidato al gobierno del estado que logr\u00f3 unir a dos fuerzas antag\u00f3nicas, que logramos ir a una campa\u00f1a en la que estuvimos a punto de ganar, que salimos fortalecidos, y logramos importantes espacios y creo que eso me permiti\u00f3 tener un acercamiento con el Prd y convivo con ellos todos los d\u00edas\u00bb.<\/p>\n\n\n\n<p>Agreg\u00f3 que sigue recorriendo todo el estado y se re\u00fane con diputados y diputadas, alcaldes y alcaldesas del PRD, \u00abque son mis amigos y amigas porque caminamos juntos, porque constru\u00edmos y trabajamos en una campa\u00f1a juntos\u00bb.<\/p>\n\n\n\n<p>-En estos momentos se siente m\u00e1s cercano al PRD que al PRI?<br>MMA: No, yo quiero decirles que yo sigo militando en el PRI, hasta hoy estoy en el PRI. No se qu\u00e9 vaya a pasar despu\u00e9s. He buscado tener encuentros con la dirigencia nacional de mi partido, y espero la pr\u00f3xima semana poder reunirme con Alejandro Moreno para ver cual es la ruta, y si hay alguna ruta para Mario Moreno aun en el PRI. Que me digan\u00bb, inst\u00f3.<\/p>\n\n\n\n<p>Record\u00f3 que a pesar de que \u00e9l y el dirigente del PRI en el estado, Alejandro Bravo Abarca coincidieron en el festejo del cumplea\u00f1os del ex gobernador Angel Aguirre Rivero, recientemente, s\u00f3lo se saludaron, pero no hubo ninguna charla.<\/p>\n\n\n\n<p>\u00abYo espero platicar con Alejandro Moreno, me invit\u00f3 y espero que me confirme para vernos el 9 de mayo, me pidi\u00f3 que lo acompa\u00f1ara a una gira, y luego de ese encuentro har\u00e9 un an\u00e1lisis\u00bb, expres\u00f3 el ex presidente municipal de Chilpancingo.<\/p>\n\n\n\n<p>El ex aspirante a la dirigencia estatal del PRI, explic\u00f3 que la \u00faltima ocasi\u00f3n en que se reuni\u00f3 con Alejandro Moreno \u00abhicimos acuerdos que lamentablemente no se cumplieron, no se han cumplido, as\u00ed que voy a platicar con \u00e9l para saber cual es el rumbo\u00bb.<\/p>\n\n\n\n<p>Consider\u00f3 que la \u00abdesatenci\u00f3n y falta de tacto pol\u00edtico\u00bb por parte de la nueva dirigencia estatal para reunirse con \u00e9l se debe quiz\u00e1s a que \u00aba veces los intereses de algunos se ponen por encima de los intereses generales de los ciudadanos y militantes\u00bb.<\/p>\n\n\n\n<p>Reconoci\u00f3 que ha sido invitado a formar parte del PRD, \u00abdiferentes grupos pol\u00edticos que conforman el PRD me lo han pedido, yo he estado con muchos de ellos, pero no estoy todav\u00eda en esa ruta\u00bb.<\/p>\n","protected":false},"excerpt":{"rendered":"<p>&#8212; El encuentro ser\u00e1 el 9 de mayo pr\u00f3ximo Rosario Garc\u00eda Orozco Chilpancingo, Gro., 5 de mayo del 2022.- Al acudir como invitado a la conmemoraci\u00f3n del 33 Aniversario de&hellip; <\/p>\n","protected":false},"author":14,"featured_media":44794,"comment_status":"open","ping_status":"open","sticky":false,"template":"","format":"standard","meta":{"fifu_image_url":"","fifu_image_alt":"","footnotes":""},"categories":[18],"tags":[],"class_list":["post-44797","post","type-post","status-publish","format-standard","has-post-thumbnail","hentry","category-partidos-politicos"],"_links":{"self":[{"href":"https:\/\/www.interaccionnoticias.com.mx\/index.php?rest_route=\/wp\/v2\/posts\/44797","targetHints":{"allow":["GET"]}}],"collection":[{"href":"https:\/\/www.interaccionnoticias.com.mx\/index.php?rest_route=\/wp\/v2\/posts"}],"about":[{"href":"https:\/\/www.interaccionnoticias.com.mx\/index.php?rest_route=\/wp\/v2\/types\/post"}],"author":[{"embeddable":true,"href":"https:\/\/www.interaccionnoticias.com.mx\/index.php?rest_route=\/wp\/v2\/users\/14"}],"replies":[{"embeddable":true,"href":"https:\/\/www.interaccionnoticias.com.mx\/index.php?rest_route=%2Fwp%2Fv2%2Fcomments&post=44797"}],"version-history":[{"count":1,"href":"https:\/\/www.interaccionnoticias.com.mx\/index.php?rest_route=\/wp\/v2\/posts\/44797\/revisions"}],"predecessor-version":[{"id":44798,"href":"https:\/\/www.interaccionnoticias.com.mx\/index.php?rest_route=\/wp\/v2\/posts\/44797\/revisions\/44798"}],"wp:featuredmedia":[{"embeddable":true,"href":"https:\/\/www.interaccionnoticias.com.mx\/index.php?rest_route=\/wp\/v2\/media\/44794"}],"wp:attachment":[{"href":"https:\/\/www.interaccionnoticias.com.mx\/index.php?rest_route=%2Fwp%2Fv2%2Fmedia&parent=44797"}],"wp:term":[{"taxonomy":"category","embeddable":true,"href":"https:\/\/www.interaccionnoticias.com.mx\/index.php?rest_route=%2Fwp%2Fv2%2Fcategories&post=44797"},{"taxonomy":"post_tag","embeddable":true,"href":"https:\/\/www.interaccionnoticias.com.mx\/index.php?rest_route=%2Fwp%2Fv2%2Ftags&post=44797"}],"curies":[{"name":"wp","href":"https:\/\/api.w.org\/{rel}","templated":true}]}}