{"id":44793,"date":"2022-05-05T16:15:48","date_gmt":"2022-05-05T21:15:48","guid":{"rendered":"https:\/\/interaccionnoticias.com.mx\/?p=44793"},"modified":"2022-05-05T16:15:53","modified_gmt":"2022-05-05T21:15:53","slug":"detienen-a-operador-de-guerreros-unidos-implicado-en-la-desaparicion-de-los-43","status":"publish","type":"post","link":"https:\/\/www.interaccionnoticias.com.mx\/?p=44793","title":{"rendered":"Detienen a operador de Guerreros Unidos implicado en la desaparici\u00f3n de los 43"},"content":{"rendered":"\n<p><strong>Jes\u00fas Dorantes<\/strong><\/p>\n\n\n\n<p><strong>Chilpancingo, Gro.-<\/strong> Durante la conferencia matutina del gobierno federal, se confirm\u00f3 la captura de Salvador \u201cN\u201d, operador del grupo delictivo Guerreros Unidos (GU) y vinculado con la desaparici\u00f3n de los 43 normalistas de Ayotzinapa, la noche del 26 de septiembre de 2014, en el municipio de Iguala.<\/p>\n\n\n\n<p>Durante la denominada \u201cMa\u00f1anera\u201d el subsecretario de Seguridad P\u00fablica, Ricardo Mej\u00eda Berdeja dio a conocer la detenci\u00f3n como un \u201cAvance en el caso Ayotzinapa\u201d , presentando los pormenores de la detenci\u00f3n? que ocurri\u00f3 en el estado vecino de Morelos.<\/p>\n\n\n\n<p>En el operativo estuvo involucrado el Centro Nacional de Inteligencia (CNI) y la Polic\u00eda Federal Ministerial, que ubicaron a Salvador \u201cN\u201d en Jardines de Cuernavaca, en el municipio del mismo nombre.<\/p>\n\n\n\n<p>En la lamina que fue presentada por el Gobierno Federal, se detalla que el detenido era el encargado de el brazo armado de GU denominado \u201cLos Peques\u201d , adem\u00e1s de contar con una orden de aprehensi\u00f3n por delincuencia organizada y desaparici\u00f3n forzada.<\/p>\n\n\n\n<p>Por lo que ser\u00e1 iniciado su proceso ante la ley para ser vinculado a proceso, adem\u00e1s de que se le imputan delitos de extorsi\u00f3n y secuestro en el municipio de Iguala de la Independencia.<\/p>\n","protected":false},"excerpt":{"rendered":"<p>Jes\u00fas Dorantes Chilpancingo, Gro.- Durante la conferencia matutina del gobierno federal, se confirm\u00f3 la captura de Salvador \u201cN\u201d, operador del grupo delictivo Guerreros Unidos (GU) y vinculado con la desaparici\u00f3n&hellip; <\/p>\n","protected":false},"author":8,"featured_media":44795,"comment_status":"open","ping_status":"open","sticky":false,"template":"","format":"standard","meta":{"fifu_image_url":"","fifu_image_alt":"","footnotes":""},"categories":[27],"tags":[],"class_list":["post-44793","post","type-post","status-publish","format-standard","has-post-thumbnail","hentry","category-seguridad-publica"],"_links":{"self":[{"href":"https:\/\/www.interaccionnoticias.com.mx\/index.php?rest_route=\/wp\/v2\/posts\/44793","targetHints":{"allow":["GET"]}}],"collection":[{"href":"https:\/\/www.interaccionnoticias.com.mx\/index.php?rest_route=\/wp\/v2\/posts"}],"about":[{"href":"https:\/\/www.interaccionnoticias.com.mx\/index.php?rest_route=\/wp\/v2\/types\/post"}],"author":[{"embeddable":true,"href":"https:\/\/www.interaccionnoticias.com.mx\/index.php?rest_route=\/wp\/v2\/users\/8"}],"replies":[{"embeddable":true,"href":"https:\/\/www.interaccionnoticias.com.mx\/index.php?rest_route=%2Fwp%2Fv2%2Fcomments&post=44793"}],"version-history":[{"count":1,"href":"https:\/\/www.interaccionnoticias.com.mx\/index.php?rest_route=\/wp\/v2\/posts\/44793\/revisions"}],"predecessor-version":[{"id":44796,"href":"https:\/\/www.interaccionnoticias.com.mx\/index.php?rest_route=\/wp\/v2\/posts\/44793\/revisions\/44796"}],"wp:featuredmedia":[{"embeddable":true,"href":"https:\/\/www.interaccionnoticias.com.mx\/index.php?rest_route=\/wp\/v2\/media\/44795"}],"wp:attachment":[{"href":"https:\/\/www.interaccionnoticias.com.mx\/index.php?rest_route=%2Fwp%2Fv2%2Fmedia&parent=44793"}],"wp:term":[{"taxonomy":"category","embeddable":true,"href":"https:\/\/www.interaccionnoticias.com.mx\/index.php?rest_route=%2Fwp%2Fv2%2Fcategories&post=44793"},{"taxonomy":"post_tag","embeddable":true,"href":"https:\/\/www.interaccionnoticias.com.mx\/index.php?rest_route=%2Fwp%2Fv2%2Ftags&post=44793"}],"curies":[{"name":"wp","href":"https:\/\/api.w.org\/{rel}","templated":true}]}}