{"id":44773,"date":"2022-05-04T21:32:17","date_gmt":"2022-05-05T02:32:17","guid":{"rendered":"https:\/\/interaccionnoticias.com.mx\/?p=44773"},"modified":"2022-05-04T21:32:22","modified_gmt":"2022-05-05T02:32:22","slug":"exigen-discapacitados-el-pago-de-los-apoyos-gubernamentales-les-deben-cuatro-meses","status":"publish","type":"post","link":"https:\/\/www.interaccionnoticias.com.mx\/?p=44773","title":{"rendered":"Exigen discapacitados el pago de los apoyos gubernamentales; les deben cuatro meses"},"content":{"rendered":"\n<p><strong>Rosario Garc\u00eda Orozco<\/strong><\/p>\n\n\n\n<p><strong>Chilpancingo, Gro., 4 de mayo del 2022.-<\/strong> Personas con discapacidad del municipio de Chilpancingo, demandaron una audiencia con la gobernadora, Evelyn Salgado Pineda, tras denunciar que durante el presente a\u00f1o no han recibido los pagos de su pensi\u00f3n por parte del gobierno del estado.<\/p>\n\n\n\n<p>Aseguraron que la situaci\u00f3n para ellos ya es desesperante, ya que el retraso en sus pagos es de cuatro meses, pero adem\u00e1s les han dicho que \u00abno hay para cuando les cubran ese adeudo\u00bb.<\/p>\n\n\n\n<p>Los inconformes se reunieron con la diputada local por Morena, Citlalli Calixto Jim\u00e9nez, y la presidenta de la Comisi\u00f3n de los Derechos Humanos del Estado de Guerrero (CDHEG), Cecilia Narciso Gayt\u00e1n, as\u00ed como con el director de Atenci\u00f3n a Grupos Prioritarios del Ayuntamiento de Chilpancingo, Juan Pablo L\u00f3pez Madrigal, toda vez que al quedarse sin su l\u00edder, Juan Valenzo, quien ahora es regidor en la comuna capitalina, ya no tienen quien los l\u00edderes y los apoye en la exigencia del pago de sus pensiones.<\/p>\n\n\n\n<p>La petici\u00f3n de los discapacitados a la legisladora local morenista y a la presidenta de la CDHEG, fue que les ayuden a llegar ante la gobernadora Evelyn Cecia Salgado Pineda para exponerle de manera directa la problem\u00e1tica que enfrentan, pues aseguraron que la propia titular de la Secretar\u00eda de Desarrollo y Bienestar Social, Mar\u00eda del Carmen Cabrera Lagunas, no les dio una soluci\u00f3n a sus demandas, pero adem\u00e1s ni siquiera les dio una esperanza de que se les pague.<\/p>\n\n\n\n<p>\u201cLa intenci\u00f3n es platicar directamente con la gobernadora, porque la secretaria de Desarrollo Social ya dijo que tienen considerado que en el pr\u00f3ximo mes de mayo le pasar\u00e1n el padr\u00f3n de todo el estado al gobierno federal, pero el problema es que ni siquiera tenemos a la mano as reglas de operaci\u00f3n del programa federal\u00bb, insistieron.<\/p>\n\n\n\n<p>En representaci\u00f3n de los discapacitados, Juan Pablo L\u00f3pez Madrigal, mencion\u00f3 que solo en el municipio de Chilpancingo son 325 las personas con alguna discapacidad que hasta diciembre del a\u00f1o pasado recibieron el pago de su pensi\u00f3n, pero a nivel estatal son m\u00e1s de mil los afectados por esta falta de pago.<\/p>\n\n\n\n<p>El problema es que ya son cuatro meses los que el gobierno estatal les adeuda y se trata de personas de muy escasos recursos econ\u00f3micos que dependen de ese apoyo para su subsistencia, y aunque algunos se ganan la vida con la venta de dulces, artesan\u00edas y algunos otros productos y la mayor\u00eda no pueden valerse por s\u00ed mismos, por lo que est\u00e1n a expensas de su pensi\u00f3n.<\/p>\n\n\n\n<p>L\u00f3pez Madrigal dijo que les dijeron que no les hab\u00eda llegado la pensi\u00f3n por la veda electoral del Proceso de Revocaci\u00f3n de Mandato, pero ya pas\u00f3 la consulta y ahora les dicen que es por el cambio del programa a la federaci\u00f3n \u201cy as\u00ed nos van a llevar con que m\u00e1s luego, m\u00e1s luego y m\u00e1s luego\u201d, se quej\u00f3.<\/p>\n\n\n\n<p>Los inconformes indicaron que hay una contradicci\u00f3n entre lo que afirma la propia gobernadora Evelyn Salgado Pineda, en el sentido de que ser\u00e1 una prioridad la atenci\u00f3n a los discapacitados o grupos prioritarios, \u00abel caso es que no les dan soluci\u00f3n a su demanda\u00bb.<\/p>\n\n\n\n<p>De acuerdo a lo que les inform\u00f3 la secretaria de Desarrollo y Bienestar, ser\u00e1 en este mes de mayo cuando la dependencia a su cargo entregue el padr\u00f3n de discapacitados que est\u00e1n incorporados a este programa a la federaci\u00f3n, por lo que hasta junio, comenzar\u00edan a recibir sus pagos, no obstante se\u00f1alaron que ahora no saben si ser\u00e1 tambi\u00e9n la federaci\u00f3n la que les pague todo lo que se les adeuda, que para entonces ya ser\u00e1n seis meses.<\/p>\n","protected":false},"excerpt":{"rendered":"<p>Rosario Garc\u00eda Orozco Chilpancingo, Gro., 4 de mayo del 2022.- Personas con discapacidad del municipio de Chilpancingo, demandaron una audiencia con la gobernadora, Evelyn Salgado Pineda, tras denunciar que durante&hellip; <\/p>\n","protected":false},"author":14,"featured_media":44763,"comment_status":"open","ping_status":"open","sticky":false,"template":"","format":"standard","meta":{"fifu_image_url":"","fifu_image_alt":"","footnotes":""},"categories":[29],"tags":[],"class_list":["post-44773","post","type-post","status-publish","format-standard","has-post-thumbnail","hentry","category-sociedad"],"_links":{"self":[{"href":"https:\/\/www.interaccionnoticias.com.mx\/index.php?rest_route=\/wp\/v2\/posts\/44773","targetHints":{"allow":["GET"]}}],"collection":[{"href":"https:\/\/www.interaccionnoticias.com.mx\/index.php?rest_route=\/wp\/v2\/posts"}],"about":[{"href":"https:\/\/www.interaccionnoticias.com.mx\/index.php?rest_route=\/wp\/v2\/types\/post"}],"author":[{"embeddable":true,"href":"https:\/\/www.interaccionnoticias.com.mx\/index.php?rest_route=\/wp\/v2\/users\/14"}],"replies":[{"embeddable":true,"href":"https:\/\/www.interaccionnoticias.com.mx\/index.php?rest_route=%2Fwp%2Fv2%2Fcomments&post=44773"}],"version-history":[{"count":1,"href":"https:\/\/www.interaccionnoticias.com.mx\/index.php?rest_route=\/wp\/v2\/posts\/44773\/revisions"}],"predecessor-version":[{"id":44774,"href":"https:\/\/www.interaccionnoticias.com.mx\/index.php?rest_route=\/wp\/v2\/posts\/44773\/revisions\/44774"}],"wp:featuredmedia":[{"embeddable":true,"href":"https:\/\/www.interaccionnoticias.com.mx\/index.php?rest_route=\/wp\/v2\/media\/44763"}],"wp:attachment":[{"href":"https:\/\/www.interaccionnoticias.com.mx\/index.php?rest_route=%2Fwp%2Fv2%2Fmedia&parent=44773"}],"wp:term":[{"taxonomy":"category","embeddable":true,"href":"https:\/\/www.interaccionnoticias.com.mx\/index.php?rest_route=%2Fwp%2Fv2%2Fcategories&post=44773"},{"taxonomy":"post_tag","embeddable":true,"href":"https:\/\/www.interaccionnoticias.com.mx\/index.php?rest_route=%2Fwp%2Fv2%2Ftags&post=44773"}],"curies":[{"name":"wp","href":"https:\/\/api.w.org\/{rel}","templated":true}]}}