{"id":44769,"date":"2022-05-04T21:26:59","date_gmt":"2022-05-05T02:26:59","guid":{"rendered":"https:\/\/interaccionnoticias.com.mx\/?p=44769"},"modified":"2022-05-04T21:27:03","modified_gmt":"2022-05-05T02:27:03","slug":"plantean-que-titular-de-la-seg-comparezca-ante-el-congreso","status":"publish","type":"post","link":"https:\/\/www.interaccionnoticias.com.mx\/?p=44769","title":{"rendered":"Plantean que titular de la SEG comparezca ante el Congreso"},"content":{"rendered":"\n<p><strong><em>&#8212; Para explicar como se compensa la desaparici\u00f3n de Escuelas de Tiempo Completo<\/em><\/strong><\/p>\n\n\n\n<p><strong>Rogelio Agust\u00edn<\/strong><\/p>\n\n\n\n<p>La diputada local del PRI, Julieta Fern\u00e1ndez M\u00e1rquez solicit\u00f3 que se llame a comparecer al titular de la Secretar\u00eda de Educaci\u00f3n Guerrero (SEG), Marcial Rodr\u00edguez Salda\u00f1a, para efecto de que explique c\u00f3mo es que se compensa la afectaci\u00f3n que genera el hecho de que se haya suspendido el programa de escuelas de tiempo completo.<\/p>\n\n\n\n<p>La jornada legislativa del mi\u00e9rcoles 4 de mayo, la diputada Fern\u00e1ndez M\u00e1rquez hizo uso de la tribuna para plantear un llamado al Gobierno de la Rep\u00fablica, as\u00ed como a la Secretar\u00eda de Educaci\u00f3n Federal, para que reconsideren la desaparici\u00f3n total del Programa de Escuelas de Tiempo Completo en el Estado de Guerrero.<\/p>\n\n\n\n<p>Dijo que el programa que fue desaparecido, apoyaba a las familias de por lo menos 60 mil ni\u00f1os de educaci\u00f3n b\u00e1sica, que hoy sufren muchas complicaciones para garantizar la atenci\u00f3n y trabajar.<\/p>\n\n\n\n<p>Record\u00f3 que ya hubo un caso en el municipio de Tecpan de Galeana, en donde una madre de familia tuvo que dejar en casa a sus hijos solos mientras ella trabajaba, el resultado fue que los menores se salieron y hubo varios d\u00edas de verdadera angustia para la jefa de familia.<\/p>\n\n\n\n<p>Por esa raz\u00f3n, indic\u00f3 que se requiere solicitar al Gobierno Federal alguna alternativa de apoyo para Guerrero, con la intenci\u00f3n de no dejar desamparados ni afectar el aprendizaje, tampoco la alimentaci\u00f3n de miles de ni\u00f1as, ni\u00f1os y j\u00f3venes guerrerenses, que estaban inscritos en las escuelas de tiempo completo.<\/p>\n\n\n\n<p>Indic\u00f3 que dichas escuelas operaban en las zonas m\u00e1s pobres del estado, por lo que actualmente los padres se encuentran en la incertidumbre, porque ante el regreso a clases, no saben si sus hijos van a seguir contando con este apoyo institucional.<\/p>\n\n\n\n<p>En esa circunstancia, record\u00f3 que en su momento, la gobernadora Evelyn Salgado Pineda manifest\u00f3 que dicho programa continuar\u00e1, aunque no dio a conocer la forma en que se garantizar\u00e1 la permanencia del apoyo.<\/p>\n\n\n\n<p>Fern\u00e1ndez M\u00e1rquez solicit\u00f3 a sus hom\u00f3logos, llamar al titular de la SEG, Marcial Rodr\u00edguez Salda\u00f1a, para que en comparecencia o mesa de trabajo, informe de manera oficial al Congreso cu\u00e1l es la situaci\u00f3n actual del mencionado programa en la entidad, lo que tambi\u00e9n hace necesario explicar cu\u00e1ntos recursos se aplicar\u00e1n para continuar con su operaci\u00f3n.<\/p>\n\n\n\n<p>La intervenci\u00f3n de la priista motiv\u00f3 la r\u00e9plica de la integrante de la bancada de Morena, Mar\u00eda Flores Maldonado, quien se\u00f1al\u00f3 que los partidos que ahora son de oposici\u00f3n, tienen como sistema golpetear todas las acciones que impulse el presidente de la Rep\u00fablica, Andr\u00e9s Manuel L\u00f3pez Obrador.<\/p>\n\n\n\n<p>Manifest\u00f3 que ella es originaria de la regi\u00f3n Monta\u00f1a, en donde la mayor\u00eda de los municipios y comunidades est\u00e1n ubicados en la pobreza y pobreza extrema, por lo que puede asegurar que Escuelas de Tiempo Completo era un programa utilizado para desviar recursos.<\/p>\n\n\n\n<p>En consecuencia, hizo el llamado a generar las condiciones para permitir que el presidente L\u00f3pez Obrador impulse las pol\u00edticas p\u00fablicas correspondientes, pues en los hechos, hay acciones de gobierno que no han cambiado m\u00e1s que de denominaci\u00f3n, pues lo que se comprob\u00f3 que era viable y favorec\u00eda a la poblaci\u00f3n se mantuvo en funcionamiento.<\/p>\n","protected":false},"excerpt":{"rendered":"<p>&#8212; Para explicar como se compensa la desaparici\u00f3n de Escuelas de Tiempo Completo Rogelio Agust\u00edn La diputada local del PRI, Julieta Fern\u00e1ndez M\u00e1rquez solicit\u00f3 que se llame a comparecer al&hellip; <\/p>\n","protected":false},"author":21,"featured_media":44765,"comment_status":"open","ping_status":"open","sticky":false,"template":"","format":"standard","meta":{"fifu_image_url":"","fifu_image_alt":"","footnotes":""},"categories":[2],"tags":[],"class_list":["post-44769","post","type-post","status-publish","format-standard","has-post-thumbnail","hentry","category-congreso"],"_links":{"self":[{"href":"https:\/\/www.interaccionnoticias.com.mx\/index.php?rest_route=\/wp\/v2\/posts\/44769","targetHints":{"allow":["GET"]}}],"collection":[{"href":"https:\/\/www.interaccionnoticias.com.mx\/index.php?rest_route=\/wp\/v2\/posts"}],"about":[{"href":"https:\/\/www.interaccionnoticias.com.mx\/index.php?rest_route=\/wp\/v2\/types\/post"}],"author":[{"embeddable":true,"href":"https:\/\/www.interaccionnoticias.com.mx\/index.php?rest_route=\/wp\/v2\/users\/21"}],"replies":[{"embeddable":true,"href":"https:\/\/www.interaccionnoticias.com.mx\/index.php?rest_route=%2Fwp%2Fv2%2Fcomments&post=44769"}],"version-history":[{"count":1,"href":"https:\/\/www.interaccionnoticias.com.mx\/index.php?rest_route=\/wp\/v2\/posts\/44769\/revisions"}],"predecessor-version":[{"id":44770,"href":"https:\/\/www.interaccionnoticias.com.mx\/index.php?rest_route=\/wp\/v2\/posts\/44769\/revisions\/44770"}],"wp:featuredmedia":[{"embeddable":true,"href":"https:\/\/www.interaccionnoticias.com.mx\/index.php?rest_route=\/wp\/v2\/media\/44765"}],"wp:attachment":[{"href":"https:\/\/www.interaccionnoticias.com.mx\/index.php?rest_route=%2Fwp%2Fv2%2Fmedia&parent=44769"}],"wp:term":[{"taxonomy":"category","embeddable":true,"href":"https:\/\/www.interaccionnoticias.com.mx\/index.php?rest_route=%2Fwp%2Fv2%2Fcategories&post=44769"},{"taxonomy":"post_tag","embeddable":true,"href":"https:\/\/www.interaccionnoticias.com.mx\/index.php?rest_route=%2Fwp%2Fv2%2Ftags&post=44769"}],"curies":[{"name":"wp","href":"https:\/\/api.w.org\/{rel}","templated":true}]}}