{"id":44758,"date":"2022-05-04T21:18:07","date_gmt":"2022-05-05T02:18:07","guid":{"rendered":"https:\/\/interaccionnoticias.com.mx\/?p=44758"},"modified":"2022-05-04T21:19:08","modified_gmt":"2022-05-05T02:19:08","slug":"concamin-respalda-programa-de-amlo-contra-la-inflacion","status":"publish","type":"post","link":"https:\/\/www.interaccionnoticias.com.mx\/?p=44758","title":{"rendered":"Concamin, respalda programa de AMLO contra la inflaci\u00f3n"},"content":{"rendered":"\n<p>&#8212; \u201cBuscamos mantener los precios de la canasta b\u00e1sica\u201d, dijo Abugaber Andonie<br>&#8212; \u201cNo debe haber divorcio entre Iniciativa Privada y gobierno\u201d, Evelyn Salgado<\/p>\n\n\n\n<p>Javier Trujillo<\/p>\n\n\n\n<p>Acapulco, Gro. \u2013 El presidente de la Confederaci\u00f3n de C\u00e1maras Industriales (CONCAMIN), Jos\u00e9 Abugaber Andonie, expres\u00f3 su respaldo al presidente de M\u00e9xico, Andr\u00e9s Manuel L\u00f3pez Obrador, por parte de los organismos empresariales contra la inflaci\u00f3n que se vive en M\u00e9xico.<\/p>\n\n\n\n<p>Presumi\u00f3 que, en el encuentro de industriales del 2022, realizado en el puerto de Acapulco, estaban los representantes de 19 de los 24 productos de la canasta b\u00e1sica en los que se busca mantener los precios.<\/p>\n\n\n\n<p>\u201cNos interesa mucho este programa para garantizar que la canasta b\u00e1sica, tenga un precio que beneficie a todas las familias de M\u00e9xico\u201d, indic\u00f3 el representante de la CONCAMIN, en M\u00e9xico.<\/p>\n\n\n\n<p>Al tiempo que la gobernadora de Guerrero, Evelyn Salgado, aludi\u00f3 a la coordinaci\u00f3n de esfuerzos entre gobierno y la Iniciativa Privada, para el impulso de una alianza estrat\u00e9gica donde se atiendan de manera prioritaria los retos pendientes en materia de desarrollo econ\u00f3mico.<\/p>\n\n\n\n<p>\u201cNo debe de haber un divorcio entre el gobierno y la industria. Tenemos que trabajar de la mano, debe de haber una coordinaci\u00f3n y una relaci\u00f3n de trabajo, siempre mirando por el bien de M\u00e9xico\u201d, expres\u00f3 Salgado Pineda.<\/p>\n\n\n\n<p>Lo anterior, durante la inauguraci\u00f3n del Encuentro Nacional de Industriales 2022, que realiza la Concamin, donde la gobernadora se\u00f1al\u00f3 que se dar\u00e1 seguimiento a una agenda de perspectiva nacional y con el organismo empresarial, empezar\u00e1 a delimitar las estrategias espec\u00edficas para lograrlo.<\/p>\n\n\n\n<p>Dijo que se estar\u00e1 llevando a cabo el panel Alianza Guerrero con los temas referentes al potencial tur\u00edstico de la entidad, como son el proyecto tur\u00edstico Acapulco-Sur Riviera de San Marcos.<\/p>\n\n\n\n<p>Adem\u00e1s, de los proyectos de vivienda de inter\u00e9s social para los trabajadores, tal y como sucedi\u00f3 con el desarrollo del cl\u00faster minero en la entidad, que entre 2016 y 2019 recibi\u00f3 m\u00e1s de dos mil millones de d\u00f3lares, logrando el 2018 el primer lugar nacional en inversi\u00f3n minera.<\/p>\n\n\n\n<p>Record\u00f3 que, en el 2019, de la mano del presidente Andr\u00e9s Manuel L\u00f3pez Obrador y la Concamin se promovi\u00f3 la firma del Pacto Oaxaca, el cual se est\u00e1 retomando hoy en d\u00eda y en donde participan nueve gobiernos estatales de la regi\u00f3n sur sureste para hacerlo m\u00e1s pr\u00f3spero.<\/p>\n","protected":false},"excerpt":{"rendered":"<p>&#8212; \u201cBuscamos mantener los precios de la canasta b\u00e1sica\u201d, dijo Abugaber Andonie&#8212; \u201cNo debe haber divorcio entre Iniciativa Privada y gobierno\u201d, Evelyn Salgado Javier Trujillo Acapulco, Gro. \u2013 El presidente&hellip; <\/p>\n","protected":false},"author":3,"featured_media":44759,"comment_status":"open","ping_status":"open","sticky":false,"template":"","format":"standard","meta":{"fifu_image_url":"","fifu_image_alt":"","footnotes":""},"categories":[29],"tags":[],"class_list":["post-44758","post","type-post","status-publish","format-standard","has-post-thumbnail","hentry","category-sociedad"],"_links":{"self":[{"href":"https:\/\/www.interaccionnoticias.com.mx\/index.php?rest_route=\/wp\/v2\/posts\/44758","targetHints":{"allow":["GET"]}}],"collection":[{"href":"https:\/\/www.interaccionnoticias.com.mx\/index.php?rest_route=\/wp\/v2\/posts"}],"about":[{"href":"https:\/\/www.interaccionnoticias.com.mx\/index.php?rest_route=\/wp\/v2\/types\/post"}],"author":[{"embeddable":true,"href":"https:\/\/www.interaccionnoticias.com.mx\/index.php?rest_route=\/wp\/v2\/users\/3"}],"replies":[{"embeddable":true,"href":"https:\/\/www.interaccionnoticias.com.mx\/index.php?rest_route=%2Fwp%2Fv2%2Fcomments&post=44758"}],"version-history":[{"count":2,"href":"https:\/\/www.interaccionnoticias.com.mx\/index.php?rest_route=\/wp\/v2\/posts\/44758\/revisions"}],"predecessor-version":[{"id":44761,"href":"https:\/\/www.interaccionnoticias.com.mx\/index.php?rest_route=\/wp\/v2\/posts\/44758\/revisions\/44761"}],"wp:featuredmedia":[{"embeddable":true,"href":"https:\/\/www.interaccionnoticias.com.mx\/index.php?rest_route=\/wp\/v2\/media\/44759"}],"wp:attachment":[{"href":"https:\/\/www.interaccionnoticias.com.mx\/index.php?rest_route=%2Fwp%2Fv2%2Fmedia&parent=44758"}],"wp:term":[{"taxonomy":"category","embeddable":true,"href":"https:\/\/www.interaccionnoticias.com.mx\/index.php?rest_route=%2Fwp%2Fv2%2Fcategories&post=44758"},{"taxonomy":"post_tag","embeddable":true,"href":"https:\/\/www.interaccionnoticias.com.mx\/index.php?rest_route=%2Fwp%2Fv2%2Ftags&post=44758"}],"curies":[{"name":"wp","href":"https:\/\/api.w.org\/{rel}","templated":true}]}}