{"id":44745,"date":"2022-05-04T15:29:34","date_gmt":"2022-05-04T20:29:34","guid":{"rendered":"https:\/\/interaccionnoticias.com.mx\/?p=44745"},"modified":"2022-05-04T15:29:39","modified_gmt":"2022-05-04T20:29:39","slug":"despenalizacion-del-aborto-en-guerrero-avanza-hacia-su-primera-lectura","status":"publish","type":"post","link":"https:\/\/www.interaccionnoticias.com.mx\/?p=44745","title":{"rendered":"Despenalizaci\u00f3n del aborto en Guerrero avanza hacia su primera lectura"},"content":{"rendered":"\n<p>&#8212; Con las instalaciones del Congreso tomadas por grupos Provida<br>&#8212; En medio de intensa discusi\u00f3n sobre las violaciones al procedimiento legislativo, Morena, PT y parte del PRD logran reincorporar el asunto a la sesi\u00f3n del Pleno<\/p>\n\n\n\n<p>Rogelio Agust\u00edn<\/p>\n\n\n\n<p>Encerrados por integrantes Frente Nacional en Defensa de la Familia (FNDF), con la oposici\u00f3n abierta del PRI y del PAN, 28 diputados de Morena, PT y PRD reincorporaron a la Orden del D\u00eda de la sesi\u00f3n de este mi\u00e9rcoles 4 de mayo, el dictamen que perfila la primera lectura de la despenalizaci\u00f3n del aborto en el estado de Guerrero.<\/p>\n\n\n\n<p>La ma\u00f1ana de mi\u00e9rcoles, el presidente de la Junta de Coordinaci\u00f3n Pol\u00edtica (Jucopo), Alfredo S\u00e1nchez Esquivel declar\u00f3 que hab\u00eda decidido dejar fuera de la sesi\u00f3n de este mi\u00e9rcoles el tema de referencia, por cuestiones t\u00e9cnicas, que varios representantes populares hab\u00edan determinado ajustar antes de que el asunto se presentara ente el pleno.<\/p>\n\n\n\n<p>Para los grupos Provida que se oponen a la despenalizaci\u00f3n del aborto, la declaraci\u00f3n del tambi\u00e9n l\u00edder de Morena no gener\u00f3 confianza, pues se\u00f1alaron que se podr\u00eda retomar de \u00faltima hora y por eso decidieron concentrarse en las inmediaciones del Congreso local.<\/p>\n\n\n\n<p>As\u00ed, desde las diez de la ma\u00f1ana, los integrantes del FNDF llegaron a la sede oficial del Congreso y cerraron sus tres principales accesos, por lo que diputados, trabajadores y visitantes se quedaron encerrados.<\/p>\n\n\n\n<p>De cualquier manera, el arranque de la jornada legislativa tuvo que suspenderse ante la ausencia de los nueve diputados locales del PRD, ya que entre ellos se encontraba uno de los votos que se necesitaban para alcanzar la mayor\u00eda simple.<\/p>\n\n\n\n<p>Cuando la sesi\u00f3n se instal\u00f3, hubo 40 diputados que votaron a favor de la Orden del D\u00eda que no consideraba lo relacionado con la despenalizaci\u00f3n del aborto.<\/p>\n\n\n\n<p>Hubo cero votos en contra y cero abstenciones.<\/p>\n\n\n\n<p>Gloria Citlali Calixto Jim\u00e9nez, integrante de la bancada de Morena y una de las promoventes de la despenalizaci\u00f3n, solicit\u00f3 de manera verbal que se votara la posibilidad de retomar el asunto.<\/p>\n\n\n\n<p>Desde ese momento la pri\u00edsta Alicia Zamora solicit\u00f3 el uso de la palabra, para advertir que un asunto de tal trascendencia, no pod\u00eda pasar con un procedimiento al que se le advert\u00edan vicios de origen.<\/p>\n\n\n\n<p>La morenista Beatriz Mojica Morga, secretaria de la Comisi\u00f3n de Justicia, la responsable de emitir el dictamen, aclar\u00f3 que ellos nunca solicitaron que el asunto quedara fuera de la Orden del D\u00eda, lo que propici\u00f3 que su coordinador y presidente de la Jucopo, Alfredo S\u00e1nchez hiciera uso de la palabra para asumir: \u201cYo ped\u00ed que se retirara ayer (martes) las 9 de la noche, y qued\u00f3 en firme\u201d.<\/p>\n\n\n\n<p>La presidenta de la Mesa Directiva, Flor A\u00f1orve cuestion\u00f3 al presidente de la Jucopo sobre el sentido de su intervenci\u00f3n: \u00bfEst\u00e1 usted pidiendo que el dictamen se mantenga abajo?<br>-Yo me sujeto a lo que diga el Pleno.<br>Respondi\u00f3 el coordinador de Morena.<\/p>\n\n\n\n<p>La pri\u00edsta Alicia Zamora cuestion\u00f3 la forma en que los diputados de Morena retrasaban la sesi\u00f3n y les se\u00f1al\u00f3: \u201cNo podemos realizar recesos a cada rato, ni estar sujetos a sus tiempos ni sus intereses\u201d.<br>\u201cNo son intereses\u201d, le aclar\u00f3 Gloria Calixto.<\/p>\n\n\n\n<p>-Hay que tener tolerancia- pidi\u00f3 el tambi\u00e9n morenista Jacinto Gonz\u00e1lez.<br>De cualquier manera, el presidente solicit\u00f3 un receso de diez minutos, lo que se le concedi\u00f3.<\/p>\n\n\n\n<p>Al regresar, se present\u00f3 un documento supuestamente firmado por tres integrantes de la Comisi\u00f3n de Justicia; Bernardo Ortega Jim\u00e9nez; Beatriz Mojica Morga y Estrella de la Paz Bernal.<\/p>\n\n\n\n<p>Pero cuando el coordinado de la bancada del PRI, H\u00e9ctor Apreza Patr\u00f3m solicit\u00f3 que se clarificara quienes en realidad firmaban el oficio result\u00f3 que solo eran dos, las militantes del Morena y el perredista Bernardo Ortega ya no estaba entre los solicitantes.<\/p>\n\n\n\n<p>H\u00e9ctor Apreza, coordinador del tricolor record\u00f3 que el receso de diez minutos se hab\u00eda soicitado para que la morenista Citlaly Calixto presentara una propuesta, pero al volver en realidad eran dos integrantes de la Comisi\u00f3n de Justicia los que hac\u00edan el planteamiento.<\/p>\n\n\n\n<p>Calixto Jim\u00e9nez se justific\u00f3 argumentando que solo hab\u00eda hecho lo que la presidenta de la Mesa, la priista Flor A\u00f1orve le sugiri\u00f3.<\/p>\n\n\n\n<p>Eso dio pauta para que Alicia Zamora machacara en el hecho de que se estaba ante una clara violaci\u00f3n al procedimiento legislativo, con vicios de origen.<\/p>\n\n\n\n<p>Vino una argumentaci\u00f3n en contra de Jes\u00fas Parra, presidente de la Comisi\u00f3n de Justicia, encargada de aprobar el dictamen, luego de H\u00e9ctor Apreza y nuevamente de Alicia Zamora.<\/p>\n\n\n\n<p>La Morenista Beatriz Mojica consider\u00f3 que ya era mucha la discusi\u00f3n y se deb\u00eda votar.<br>La secund\u00f3 Carlos Cruz L\u00f3pez, tambi\u00e9n de Morena.<\/p>\n\n\n\n<p>Al final, 28 votos a favor de Morena, PRD y PT, se impusieron a 9 en contra y cuatro abstenciones.<\/p>\n\n\n\n<p>El dictamen avanzar\u00eda, pero se aclar\u00f3 que ser\u00eda para quedar solo de primera lectura.<\/p>\n\n\n\n<p>Afuera del Congreso, las manifestaciones de inconformidad crec\u00edan.<\/p>\n","protected":false},"excerpt":{"rendered":"<p>&#8212; Con las instalaciones del Congreso tomadas por grupos Provida&#8212; En medio de intensa discusi\u00f3n sobre las violaciones al procedimiento legislativo, Morena, PT y parte del PRD logran reincorporar el&hellip; <\/p>\n","protected":false},"author":21,"featured_media":44746,"comment_status":"open","ping_status":"open","sticky":false,"template":"","format":"standard","meta":{"fifu_image_url":"","fifu_image_alt":"","footnotes":""},"categories":[2],"tags":[],"class_list":["post-44745","post","type-post","status-publish","format-standard","has-post-thumbnail","hentry","category-congreso"],"_links":{"self":[{"href":"https:\/\/www.interaccionnoticias.com.mx\/index.php?rest_route=\/wp\/v2\/posts\/44745","targetHints":{"allow":["GET"]}}],"collection":[{"href":"https:\/\/www.interaccionnoticias.com.mx\/index.php?rest_route=\/wp\/v2\/posts"}],"about":[{"href":"https:\/\/www.interaccionnoticias.com.mx\/index.php?rest_route=\/wp\/v2\/types\/post"}],"author":[{"embeddable":true,"href":"https:\/\/www.interaccionnoticias.com.mx\/index.php?rest_route=\/wp\/v2\/users\/21"}],"replies":[{"embeddable":true,"href":"https:\/\/www.interaccionnoticias.com.mx\/index.php?rest_route=%2Fwp%2Fv2%2Fcomments&post=44745"}],"version-history":[{"count":1,"href":"https:\/\/www.interaccionnoticias.com.mx\/index.php?rest_route=\/wp\/v2\/posts\/44745\/revisions"}],"predecessor-version":[{"id":44747,"href":"https:\/\/www.interaccionnoticias.com.mx\/index.php?rest_route=\/wp\/v2\/posts\/44745\/revisions\/44747"}],"wp:featuredmedia":[{"embeddable":true,"href":"https:\/\/www.interaccionnoticias.com.mx\/index.php?rest_route=\/wp\/v2\/media\/44746"}],"wp:attachment":[{"href":"https:\/\/www.interaccionnoticias.com.mx\/index.php?rest_route=%2Fwp%2Fv2%2Fmedia&parent=44745"}],"wp:term":[{"taxonomy":"category","embeddable":true,"href":"https:\/\/www.interaccionnoticias.com.mx\/index.php?rest_route=%2Fwp%2Fv2%2Fcategories&post=44745"},{"taxonomy":"post_tag","embeddable":true,"href":"https:\/\/www.interaccionnoticias.com.mx\/index.php?rest_route=%2Fwp%2Fv2%2Ftags&post=44745"}],"curies":[{"name":"wp","href":"https:\/\/api.w.org\/{rel}","templated":true}]}}