{"id":44659,"date":"2022-05-02T14:47:38","date_gmt":"2022-05-02T19:47:38","guid":{"rendered":"https:\/\/interaccionnoticias.com.mx\/?p=44659"},"modified":"2022-05-02T14:47:42","modified_gmt":"2022-05-02T19:47:42","slug":"hagan-bien-su-trabajo-para-que-haya-menos-embarazos-no-deseados-dice-la-diputada-beatriz-mojica-a-la-iglesia","status":"publish","type":"post","link":"https:\/\/www.interaccionnoticias.com.mx\/?p=44659","title":{"rendered":"\u201cHagan bien su trabajo para que haya menos embarazos no deseados\u201d, dice la diputada Beatriz Mojica a la Iglesia"},"content":{"rendered":"\n<p>\u2014 La despenalizaci\u00f3n del aborto es un mandato de la SCJN y de la Conavim, recuerda la secretaria de la Comisi\u00f3n de Justicia<\/p>\n\n\n\n<p>Rogelio Agust\u00edn<\/p>\n\n\n\n<p>\u201cHagan su trabajo para que cada vez haya menos embarazos no deseados\u201d, dijo la diputada local Beatriz Mojica Morga a los cuatro obispos del estado de Guerrero, quienes que est\u00e1n convocando a una marcha para este martes 3 de mayo, con la intenci\u00f3n de pronunciarse en contra de la interrupci\u00f3n legal del aborto.<\/p>\n\n\n\n<p>El fin de semana, los representantes de la Iglesia Cat\u00f3lica en Guerrero, a trav\u00e9s la arquidi\u00f3cesis de Acapulco, as\u00ed como las sedes diocesanas de Chilpancingo; Tlapa y Ciudad Altamirano, emitieron un comunicado en el que dan a conocer su rechazo ante el dictamen aprobado el jueves 28 de abril, en las instalaciones del Poder Legislativo.<\/p>\n\n\n\n<p>Dicha marcha tendr\u00e1 verificativo en la capital del estado, teniendo como probable punto de concentraci\u00f3n final las instalaciones del Congreso local, para exigir a los diputados locales que no aprueben las modificaciones al C\u00f3digo Penal del Estado.<\/p>\n\n\n\n<p>\u201cEllos est\u00e1n en su derecho de hacer estas marchas, pero ese tema atiende a dos requerimientos que se nos han hecho, uno tiene que ver con los pronunciamientos hechos por la Suprema Corte de Justicia de la Naci\u00f3n (SCJN) que ha declarado inconstitucionales las legislaciones que criminalicen a las mujeres en ese tema\u201d, anot\u00f3.<\/p>\n\n\n\n<p>En otro momento, record\u00f3 que hay un llamado de la Comisi\u00f3n Nacional de Atenci\u00f3n de Violencia hacia la Mujer (Conavim), debido a factores como la doble alerta por violencia de g\u00e9nero que se ha emitido en el estado de Guerrero.<\/p>\n\n\n\n<p>Indic\u00f3 que la obligaci\u00f3n del Congreso es generar un marco jur\u00eddico para las y los guerrerenses, m\u00e1s all\u00e1 de las posturas de \u00edndole religioso.<br>\u201cLo que debe quedar claro, es que ya no se puede tener ese asunto penalizado porque ya es inconstitucional, es necesario que podamos tener la claridad en ese\u201d, anot\u00f3<br>En consecuencia, dijo que si la Iglesia en realidad est\u00e1 preocupada por el tema, entonces lo que debe hacer es su trabajo, que es fortalecer los valores y todo lo necesario para que no haya embarazos no deseados y particularmente en adolescentes.<\/p>\n\n\n\n<p>\u201cHay que manejar con mucha certeza, que el Estado de Derecho tiene que cumplirse y que los temas religiosos so muy diferentes, no se debe coartar el derecho que tiene la mujer a decidir\u201d, anot\u00f3.<\/p>\n\n\n\n<p>Beatriz Mojica solicit\u00f3 que los diputados de Guerrero no vayan a ser objeto de una campa\u00f1a de desprestigio solo por hacer su trabajo, pues el tema ha estado sujeto a discusi\u00f3n en Guerrero durante m\u00e1s de quince a\u00f1os.<\/p>\n\n\n\n<p>Indic\u00f3 que hay estado considerados como \u201cderechistas\u201d en el pa\u00eds, que ya actualizaron su legislaci\u00f3n, de ah\u00ed que guerrero no se puede quedar atr\u00e1s, porque su sociedad est\u00e1 lista para tomar la decisi\u00f3n.<\/p>\n\n\n\n<p>\u201cLas mujeres no porque est\u00e9 en la ley se van a abalanzar a las cl\u00ednica\u201d, asegur\u00f3.<\/p>\n\n\n\n<p>Y cerr\u00f3: \u201cSi las iglesias hacen bien su trabajo, no tendr\u00edan porque suceder esas cuestiones, de lo que se trata es de garantizar a las mujeres su derecho a decidir\u201d.<\/p>\n","protected":false},"excerpt":{"rendered":"<p>\u2014 La despenalizaci\u00f3n del aborto es un mandato de la SCJN y de la Conavim, recuerda la secretaria de la Comisi\u00f3n de Justicia Rogelio Agust\u00edn \u201cHagan su trabajo para que&hellip; <\/p>\n","protected":false},"author":21,"featured_media":44540,"comment_status":"open","ping_status":"open","sticky":false,"template":"","format":"standard","meta":{"fifu_image_url":"","fifu_image_alt":"","footnotes":""},"categories":[2],"tags":[],"class_list":["post-44659","post","type-post","status-publish","format-standard","has-post-thumbnail","hentry","category-congreso"],"_links":{"self":[{"href":"https:\/\/www.interaccionnoticias.com.mx\/index.php?rest_route=\/wp\/v2\/posts\/44659","targetHints":{"allow":["GET"]}}],"collection":[{"href":"https:\/\/www.interaccionnoticias.com.mx\/index.php?rest_route=\/wp\/v2\/posts"}],"about":[{"href":"https:\/\/www.interaccionnoticias.com.mx\/index.php?rest_route=\/wp\/v2\/types\/post"}],"author":[{"embeddable":true,"href":"https:\/\/www.interaccionnoticias.com.mx\/index.php?rest_route=\/wp\/v2\/users\/21"}],"replies":[{"embeddable":true,"href":"https:\/\/www.interaccionnoticias.com.mx\/index.php?rest_route=%2Fwp%2Fv2%2Fcomments&post=44659"}],"version-history":[{"count":1,"href":"https:\/\/www.interaccionnoticias.com.mx\/index.php?rest_route=\/wp\/v2\/posts\/44659\/revisions"}],"predecessor-version":[{"id":44660,"href":"https:\/\/www.interaccionnoticias.com.mx\/index.php?rest_route=\/wp\/v2\/posts\/44659\/revisions\/44660"}],"wp:featuredmedia":[{"embeddable":true,"href":"https:\/\/www.interaccionnoticias.com.mx\/index.php?rest_route=\/wp\/v2\/media\/44540"}],"wp:attachment":[{"href":"https:\/\/www.interaccionnoticias.com.mx\/index.php?rest_route=%2Fwp%2Fv2%2Fmedia&parent=44659"}],"wp:term":[{"taxonomy":"category","embeddable":true,"href":"https:\/\/www.interaccionnoticias.com.mx\/index.php?rest_route=%2Fwp%2Fv2%2Fcategories&post=44659"},{"taxonomy":"post_tag","embeddable":true,"href":"https:\/\/www.interaccionnoticias.com.mx\/index.php?rest_route=%2Fwp%2Fv2%2Ftags&post=44659"}],"curies":[{"name":"wp","href":"https:\/\/api.w.org\/{rel}","templated":true}]}}