{"id":44656,"date":"2022-05-02T14:21:31","date_gmt":"2022-05-02T19:21:31","guid":{"rendered":"https:\/\/interaccionnoticias.com.mx\/?p=44656"},"modified":"2022-05-02T14:21:37","modified_gmt":"2022-05-02T19:21:37","slug":"diputados-del-pri-emitiran-voto-de-conciencia-en-torno-a-la-despenalizacion-del-aborto","status":"publish","type":"post","link":"https:\/\/www.interaccionnoticias.com.mx\/?p=44656","title":{"rendered":"Diputados del PRI emitir\u00e1n \u201cvoto de conciencia\u201d en torno a la despenalizaci\u00f3n del aborto"},"content":{"rendered":"\n<p>&#8212; No hay una postura uniforme sobre el caso<\/p>\n\n\n\n<p>Rogelio Agust\u00edn<\/p>\n\n\n\n<p>El dirigente estatal del PRI, Alejandro Bravo Abarca anticip\u00f3 que los diputados locales de su partido tendr\u00e1n la libertad de votar \u201cconforme a su conciencia\u201d, cuando se ponga a disposici\u00f3n del Pleno el dictamen sobre la despenalizaci\u00f3n del aborto.<\/p>\n\n\n\n<p>La jornada del jueves 28 de abril, el presidente de la comisi\u00f3n de Justicia del Congreso local, Jes\u00fas Parra Garc\u00eda, integrante de la fracci\u00f3n parlamentaria del PRI en el Congreso local, denunci\u00f3 que fue v\u00edctima de un \u201cagandalle\u201d, ya que la secretaria, junto con dos vocales aprobaron el dictamen que contiene las modificaciones al C\u00f3digo Penal vigente en el estado, que permiten despenalizar la interrupci\u00f3n asistida del embarazo.<\/p>\n\n\n\n<p>Parra Garc\u00eda advirti\u00f3 que ante dicha acci\u00f3n, buscar\u00e1 los mecanismos legales correspondientes, para llegado el momento, impugnar el desahogo de un procedimiento que de acuerdo con especialistas del Poder Judicial, tiene errores muy serios que lo dejan en una posici\u00f3n vulnerable.<\/p>\n\n\n\n<p>Por esa raz\u00f3n, dio por hecho que recurrir\u00e1 legalmente a la impugnaci\u00f3n, pues sostiene que el dictamen se aprob\u00f3 en una sesi\u00f3n de comisi\u00f3n ilegal, ya que se convoc\u00f3 a trabajar sin el aval del presidente.<\/p>\n\n\n\n<p>Aunque las diputadas promoventes; Beatriz Mojica Morga, Nora Vel\u00e1zquez y Jessica Alejo Rayo se\u00f1alan que todav\u00eda no ser tiene definida una fecha para que el asunto pase al Pleno, para su an\u00e1lisis y votaci\u00f3n, el dirigente del PRI anticip\u00f3 que no tendr\u00e1 una injerencia directa en el posicionamiento de sus diputados.<\/p>\n\n\n\n<p>\u201cEn ese sentido se ha platicado con diputadas y diputados, de tal suerte que el voto se deja a conciencia de cada uno de ellos\u201d, se\u00f1al\u00f3.<\/p>\n\n\n\n<p>Bajo dicha circunstancia, se\u00f1al\u00f3 que en ese tema no se ha definido si la fracci\u00f3n parlamentaria del tricolor emitir\u00e1 un voto conjunto, pues hasta el momento, en lo que se ha dialogado, la postura es que cada representante popular emita un voto de conciencia, en completa libertad.<br>\u26aa #VotoDeConciencia | El dirigente estatal del PRI, Alejandro Bravo Abarca anticip\u00f3 que los diputados locales de su partido tendr\u00e1n la libertad de votar \u201cconforme a su conciencia\u201d, en torno al dictamen sobre la despenalizaci\u00f3n del aborto.<br>\u2b55\ufe0f \ud83d\udc47 Informaci\u00f3n \ud83d\udc47 \u2b55\ufe0f<\/p>\n","protected":false},"excerpt":{"rendered":"<p>&#8212; No hay una postura uniforme sobre el caso Rogelio Agust\u00edn El dirigente estatal del PRI, Alejandro Bravo Abarca anticip\u00f3 que los diputados locales de su partido tendr\u00e1n la libertad&hellip; <\/p>\n","protected":false},"author":21,"featured_media":44657,"comment_status":"open","ping_status":"open","sticky":false,"template":"","format":"standard","meta":{"fifu_image_url":"","fifu_image_alt":"","footnotes":""},"categories":[18],"tags":[],"class_list":["post-44656","post","type-post","status-publish","format-standard","has-post-thumbnail","hentry","category-partidos-politicos"],"_links":{"self":[{"href":"https:\/\/www.interaccionnoticias.com.mx\/index.php?rest_route=\/wp\/v2\/posts\/44656","targetHints":{"allow":["GET"]}}],"collection":[{"href":"https:\/\/www.interaccionnoticias.com.mx\/index.php?rest_route=\/wp\/v2\/posts"}],"about":[{"href":"https:\/\/www.interaccionnoticias.com.mx\/index.php?rest_route=\/wp\/v2\/types\/post"}],"author":[{"embeddable":true,"href":"https:\/\/www.interaccionnoticias.com.mx\/index.php?rest_route=\/wp\/v2\/users\/21"}],"replies":[{"embeddable":true,"href":"https:\/\/www.interaccionnoticias.com.mx\/index.php?rest_route=%2Fwp%2Fv2%2Fcomments&post=44656"}],"version-history":[{"count":1,"href":"https:\/\/www.interaccionnoticias.com.mx\/index.php?rest_route=\/wp\/v2\/posts\/44656\/revisions"}],"predecessor-version":[{"id":44658,"href":"https:\/\/www.interaccionnoticias.com.mx\/index.php?rest_route=\/wp\/v2\/posts\/44656\/revisions\/44658"}],"wp:featuredmedia":[{"embeddable":true,"href":"https:\/\/www.interaccionnoticias.com.mx\/index.php?rest_route=\/wp\/v2\/media\/44657"}],"wp:attachment":[{"href":"https:\/\/www.interaccionnoticias.com.mx\/index.php?rest_route=%2Fwp%2Fv2%2Fmedia&parent=44656"}],"wp:term":[{"taxonomy":"category","embeddable":true,"href":"https:\/\/www.interaccionnoticias.com.mx\/index.php?rest_route=%2Fwp%2Fv2%2Fcategories&post=44656"},{"taxonomy":"post_tag","embeddable":true,"href":"https:\/\/www.interaccionnoticias.com.mx\/index.php?rest_route=%2Fwp%2Fv2%2Ftags&post=44656"}],"curies":[{"name":"wp","href":"https:\/\/api.w.org\/{rel}","templated":true}]}}