{"id":44637,"date":"2022-05-01T17:56:22","date_gmt":"2022-05-01T22:56:22","guid":{"rendered":"https:\/\/interaccionnoticias.com.mx\/?p=44637"},"modified":"2022-05-01T17:56:27","modified_gmt":"2022-05-01T22:56:27","slug":"con-marcha-maestros-y-sindicatos-conmemoraron-el-dia-del-trabajo","status":"publish","type":"post","link":"https:\/\/www.interaccionnoticias.com.mx\/?p=44637","title":{"rendered":"Con marcha, maestros y sindicatos conmemoraron el \u201cD\u00eda del trabajo\u201d"},"content":{"rendered":"\n<p><strong><em>&#8211; Exigen justicia laboral y que se sancionen cr\u00edmenes emblem\u00e1ticos<\/em><\/strong><\/p>\n\n\n\n<p><strong>Jes\u00fas Dorantes<\/strong><\/p>\n\n\n\n<p><strong>Chilpancingo , Gro.- <\/strong>Integrantes de la Coordinadora Estatal de Trabajadores de la Educaci\u00f3n de Guerrero (CETEG), Trabajadores de la Universidad Aut\u00f3noma de Guerrero (UAgro), estudiantes de la Normal Rural de Ayotzinapa y organizaciones sociales, marcharon para conmemorar el \u201cD\u00eda Internacional del Trabajo\u201d en la capital del estado.<\/p>\n\n\n\n<p>La jornada del domingo, los diferentes grupos de activistas se dieron cita en la parte norte del municipio de Chilpancingo en el parque Margarita Maza de Ju\u00e1rez , para iniciar una marcha rumbo a la sede oficial de Poder Ejecutivo local.<\/p>\n\n\n\n<p>A su paso por las calles de la ciudad, lanzaron consignas para exigir soluci\u00f3n a las diferentes de mandas de cada grupo, adem\u00e1s, reclamaron mejores condiciones laborales, alto a la violencia en el estado y la presentaci\u00f3n con vida de los 43 estudiantes de Ayotzinapa, desaparecidos desde septiembre de 2014.<\/p>\n\n\n\n<p>En su intervenci\u00f3n, el secretario general de la CETEG, H\u00e9ctor Torres Solano hizo un llamada a las autoridades del estado para que cese la represi\u00f3n en contra de los estudiantes de las normales de todo el estado y conden\u00f3 la respuesta de la polic\u00eda del estado en el parador de Marqu\u00e9s, cuando encapsularon a los j\u00f3venes.<\/p>\n\n\n\n<p>Los aproximados 500 participantes en la marcha tambi\u00e9n exigieron que se esclarezca el asesinato de Rosa de la Cruz, hermana del ex vocero de los padres de los 43, Felipe de la Cruz Sandoval, lo que implica el castigo para los responsables.<\/p>\n\n\n\n<p>El contingente arrib\u00f3 a las 13:00 horas al Palacio de Gobierno, d\u00f3nde se desarroll\u00f3 un mitin en el exterior del inmueble, sin que se generara ning\u00fan problema.<\/p>\n","protected":false},"excerpt":{"rendered":"<p>&#8211; Exigen justicia laboral y que se sancionen cr\u00edmenes emblem\u00e1ticos Jes\u00fas Dorantes Chilpancingo , Gro.- Integrantes de la Coordinadora Estatal de Trabajadores de la Educaci\u00f3n de Guerrero (CETEG), Trabajadores de&hellip; <\/p>\n","protected":false},"author":8,"featured_media":44638,"comment_status":"open","ping_status":"open","sticky":false,"template":"","format":"standard","meta":{"fifu_image_url":"","fifu_image_alt":"","footnotes":""},"categories":[29],"tags":[],"class_list":["post-44637","post","type-post","status-publish","format-standard","has-post-thumbnail","hentry","category-sociedad"],"_links":{"self":[{"href":"https:\/\/www.interaccionnoticias.com.mx\/index.php?rest_route=\/wp\/v2\/posts\/44637","targetHints":{"allow":["GET"]}}],"collection":[{"href":"https:\/\/www.interaccionnoticias.com.mx\/index.php?rest_route=\/wp\/v2\/posts"}],"about":[{"href":"https:\/\/www.interaccionnoticias.com.mx\/index.php?rest_route=\/wp\/v2\/types\/post"}],"author":[{"embeddable":true,"href":"https:\/\/www.interaccionnoticias.com.mx\/index.php?rest_route=\/wp\/v2\/users\/8"}],"replies":[{"embeddable":true,"href":"https:\/\/www.interaccionnoticias.com.mx\/index.php?rest_route=%2Fwp%2Fv2%2Fcomments&post=44637"}],"version-history":[{"count":1,"href":"https:\/\/www.interaccionnoticias.com.mx\/index.php?rest_route=\/wp\/v2\/posts\/44637\/revisions"}],"predecessor-version":[{"id":44639,"href":"https:\/\/www.interaccionnoticias.com.mx\/index.php?rest_route=\/wp\/v2\/posts\/44637\/revisions\/44639"}],"wp:featuredmedia":[{"embeddable":true,"href":"https:\/\/www.interaccionnoticias.com.mx\/index.php?rest_route=\/wp\/v2\/media\/44638"}],"wp:attachment":[{"href":"https:\/\/www.interaccionnoticias.com.mx\/index.php?rest_route=%2Fwp%2Fv2%2Fmedia&parent=44637"}],"wp:term":[{"taxonomy":"category","embeddable":true,"href":"https:\/\/www.interaccionnoticias.com.mx\/index.php?rest_route=%2Fwp%2Fv2%2Fcategories&post=44637"},{"taxonomy":"post_tag","embeddable":true,"href":"https:\/\/www.interaccionnoticias.com.mx\/index.php?rest_route=%2Fwp%2Fv2%2Ftags&post=44637"}],"curies":[{"name":"wp","href":"https:\/\/api.w.org\/{rel}","templated":true}]}}