{"id":44634,"date":"2022-05-01T15:42:16","date_gmt":"2022-05-01T20:42:16","guid":{"rendered":"https:\/\/interaccionnoticias.com.mx\/?p=44634"},"modified":"2022-05-01T15:42:21","modified_gmt":"2022-05-01T20:42:21","slug":"obispos-convocan-a-marchar-contra-la-despenalizacion-del-aborto","status":"publish","type":"post","link":"https:\/\/www.interaccionnoticias.com.mx\/?p=44634","title":{"rendered":"Obispos convocan a marchar contra la despenalizaci\u00f3n del aborto"},"content":{"rendered":"\n<p><strong>Jes\u00fas Dorantes<\/strong><\/p>\n\n\n\n<p><strong>Chilpancingo , Gro .-<\/strong> Los obispos de las cuatro di\u00f3cesis de Guerrero convocaron a la ciudadan\u00eda a marchar en la capital del estado para pronunciarse en contra de la despenalizaci\u00f3n del aborto, que se podr\u00eda consumar esta semana en el Congreso local.<\/p>\n\n\n\n<p>V\u00eda comunicado, los representantes de la Iglesia cat\u00f3lica manifestaron su rechazo a la aprobaci\u00f3n del dictamen que emiti\u00f3 la Comisi\u00f3n de Justicia del Congreso, con tres de cinco integrantes a favor de la despenalizaci\u00f3n del aborto.<\/p>\n\n\n\n<p>El documento est\u00e1 firmado por el arzobispo de Acapulco, Leopoldo Gonz\u00e1lez Gonz\u00e1lez Gonz\u00e1lez; Jos\u00e9 de Jes\u00fas Gonz\u00e1lez Hern\u00e1ndez de Chilpancingo; Joel Ocampo Gorostieta, de Ciudad Altamirano y Dagoberto Sosa Arriaga de Tlapa.<\/p>\n\n\n\n<p>Ellos exhortaron a los legisladores de Guerrero a proteger los derechos fundamentales a la vida, pues de caminar en otra ruta se puede agudizar la problem\u00e1tica social de Guerrero.<\/p>\n\n\n\n<p>\u201cAntes de que pase al Pleno del Congreso para ser votado este dictamen, expresamos nuestro rechazo y pedimos a los Miembros del Congreso cumplan su deber de proteger los derechos fundamentales sin discriminaci\u00f3n alguna\u00bb, se\u00f1alan los representantes de la Iglesia.<br>Contin\u00faan: \u00abNo puede condenarse a muerte a un ser humano porque no ha alcanzado las doce semanas de desarrollo en el seno de su madre\u201d, se\u00f1alan.<\/p>\n\n\n\n<p>Adem\u00e1s hicieron hincapi\u00e9 en que se debe proteger tanto a la madre como al hijo que se gesta en su vientre, pues refieren: \u201cEs ociosa y falsa la confrontaci\u00f3n entre los derechos de la mujer embarazada y los derechos del hijo en gestaci\u00f3n; Los legisladores deben proteger la vida de los dos, al hijo y a la madre. Ciertamente la impunidad hacia quien la violenta, y la no responsabilidad de aquel con quien concibi\u00f3 nada ayudan a la protecci\u00f3n del hijo concebido y la madre embarazada, nada ayudan a la protecci\u00f3n de la mujer\u201d.<\/p>\n\n\n\n<p>Por esa raz\u00f3n, convocaron a la ciudadan\u00eda para que participe en una marcha el pr\u00f3ximo 3 de mayo en el municipio de Chilpancingo, con la intenci\u00f3n de \u201cinvitar a que los diputados eviten el camino de legitimar la muerte y que por el contrario, legislen a favor de la vida\u201d .<\/p>\n","protected":false},"excerpt":{"rendered":"<p>Jes\u00fas Dorantes Chilpancingo , Gro .- Los obispos de las cuatro di\u00f3cesis de Guerrero convocaron a la ciudadan\u00eda a marchar en la capital del estado para pronunciarse en contra de&hellip; <\/p>\n","protected":false},"author":8,"featured_media":44635,"comment_status":"open","ping_status":"open","sticky":false,"template":"","format":"standard","meta":{"fifu_image_url":"","fifu_image_alt":"","footnotes":""},"categories":[29],"tags":[],"class_list":["post-44634","post","type-post","status-publish","format-standard","has-post-thumbnail","hentry","category-sociedad"],"_links":{"self":[{"href":"https:\/\/www.interaccionnoticias.com.mx\/index.php?rest_route=\/wp\/v2\/posts\/44634","targetHints":{"allow":["GET"]}}],"collection":[{"href":"https:\/\/www.interaccionnoticias.com.mx\/index.php?rest_route=\/wp\/v2\/posts"}],"about":[{"href":"https:\/\/www.interaccionnoticias.com.mx\/index.php?rest_route=\/wp\/v2\/types\/post"}],"author":[{"embeddable":true,"href":"https:\/\/www.interaccionnoticias.com.mx\/index.php?rest_route=\/wp\/v2\/users\/8"}],"replies":[{"embeddable":true,"href":"https:\/\/www.interaccionnoticias.com.mx\/index.php?rest_route=%2Fwp%2Fv2%2Fcomments&post=44634"}],"version-history":[{"count":1,"href":"https:\/\/www.interaccionnoticias.com.mx\/index.php?rest_route=\/wp\/v2\/posts\/44634\/revisions"}],"predecessor-version":[{"id":44636,"href":"https:\/\/www.interaccionnoticias.com.mx\/index.php?rest_route=\/wp\/v2\/posts\/44634\/revisions\/44636"}],"wp:featuredmedia":[{"embeddable":true,"href":"https:\/\/www.interaccionnoticias.com.mx\/index.php?rest_route=\/wp\/v2\/media\/44635"}],"wp:attachment":[{"href":"https:\/\/www.interaccionnoticias.com.mx\/index.php?rest_route=%2Fwp%2Fv2%2Fmedia&parent=44634"}],"wp:term":[{"taxonomy":"category","embeddable":true,"href":"https:\/\/www.interaccionnoticias.com.mx\/index.php?rest_route=%2Fwp%2Fv2%2Fcategories&post=44634"},{"taxonomy":"post_tag","embeddable":true,"href":"https:\/\/www.interaccionnoticias.com.mx\/index.php?rest_route=%2Fwp%2Fv2%2Ftags&post=44634"}],"curies":[{"name":"wp","href":"https:\/\/api.w.org\/{rel}","templated":true}]}}