{"id":44604,"date":"2022-04-29T18:30:21","date_gmt":"2022-04-29T23:30:21","guid":{"rendered":"https:\/\/interaccionnoticias.com.mx\/?p=44604"},"modified":"2022-04-29T18:30:26","modified_gmt":"2022-04-29T23:30:26","slug":"ex-vocero-de-padres-de-los-43-exige-justicia-para-su-hermana-asesinada","status":"publish","type":"post","link":"https:\/\/www.interaccionnoticias.com.mx\/?p=44604","title":{"rendered":"Ex vocero de padres de los 43 exige justicia para su hermana asesinada"},"content":{"rendered":"\n<p><strong><em>&#8212; Felipe de la Cruz asegura que los operativos de seguridad no est\u00e1n funcionando<\/em><\/strong><\/p>\n\n\n\n<p><strong>Rogelio Agust\u00edn<\/strong><\/p>\n\n\n\n<p>El ex vocero de los padres de los 43, Felipe de la Cruz Sandoval exigi\u00f3 a la Fiscal\u00eda General del Estado (FGE) que esclarezca cuanto antes el asesinato de su hermana Rosa, quien fue acribillado por un desconocido cuando atend\u00eda un peque\u00f1o negocio, en el puerto de Acapulco.<\/p>\n\n\n\n<p>En su muro de Facebook, el profesor jubilado habl\u00f3 a nombre de su familia y la de su hermana asesinada, para hacer un llamado a la Fiscal\u00eda de Guerrero.<\/p>\n\n\n\n<p>\u00abExigimos a la fiscal general del estado, que cumpla con su trabajo de investigar a fondo el cobarde asesinato de Rosa de la Cruz Sandoval, quien fuera acribillado por un sujeto en el boulevard Vicente Guerrero, el d\u00eda 27 de abril\u00bb, se\u00f1ala en su publicaci\u00f3n de manera inicial.<\/p>\n\n\n\n<p>Luego refiere: \u00abYa basta de tolerar estos cr\u00edmenes que en Acapulco a diario suceden, nos damos cuenta que no sirve de nada el Grupo de Coordinaci\u00f3n para la Seguridad en el municipio y en el estado; primero, no previenen el delito, porque vemos en las calles al Ej\u00e9rcito mexicano, la Guardia Nacional, Polic\u00eda estatal y polic\u00edas municipales, queremos decirle a la fiscal que no vamos a descansar hasta que este crimen sea esclarecido y castigado el asesino\u00bb.<\/p>\n\n\n\n<p>Cierra: \u00abNi un feminicidio m\u00e1s, justicia y c\u00e1rcel para el asesino de Rosa de la cruz\u00bb.<\/p>\n","protected":false},"excerpt":{"rendered":"<p>&#8212; Felipe de la Cruz asegura que los operativos de seguridad no est\u00e1n funcionando Rogelio Agust\u00edn El ex vocero de los padres de los 43, Felipe de la Cruz Sandoval&hellip; <\/p>\n","protected":false},"author":21,"featured_media":44605,"comment_status":"open","ping_status":"open","sticky":false,"template":"","format":"standard","meta":{"fifu_image_url":"","fifu_image_alt":"","footnotes":""},"categories":[29],"tags":[],"class_list":["post-44604","post","type-post","status-publish","format-standard","has-post-thumbnail","hentry","category-sociedad"],"_links":{"self":[{"href":"https:\/\/www.interaccionnoticias.com.mx\/index.php?rest_route=\/wp\/v2\/posts\/44604","targetHints":{"allow":["GET"]}}],"collection":[{"href":"https:\/\/www.interaccionnoticias.com.mx\/index.php?rest_route=\/wp\/v2\/posts"}],"about":[{"href":"https:\/\/www.interaccionnoticias.com.mx\/index.php?rest_route=\/wp\/v2\/types\/post"}],"author":[{"embeddable":true,"href":"https:\/\/www.interaccionnoticias.com.mx\/index.php?rest_route=\/wp\/v2\/users\/21"}],"replies":[{"embeddable":true,"href":"https:\/\/www.interaccionnoticias.com.mx\/index.php?rest_route=%2Fwp%2Fv2%2Fcomments&post=44604"}],"version-history":[{"count":1,"href":"https:\/\/www.interaccionnoticias.com.mx\/index.php?rest_route=\/wp\/v2\/posts\/44604\/revisions"}],"predecessor-version":[{"id":44606,"href":"https:\/\/www.interaccionnoticias.com.mx\/index.php?rest_route=\/wp\/v2\/posts\/44604\/revisions\/44606"}],"wp:featuredmedia":[{"embeddable":true,"href":"https:\/\/www.interaccionnoticias.com.mx\/index.php?rest_route=\/wp\/v2\/media\/44605"}],"wp:attachment":[{"href":"https:\/\/www.interaccionnoticias.com.mx\/index.php?rest_route=%2Fwp%2Fv2%2Fmedia&parent=44604"}],"wp:term":[{"taxonomy":"category","embeddable":true,"href":"https:\/\/www.interaccionnoticias.com.mx\/index.php?rest_route=%2Fwp%2Fv2%2Fcategories&post=44604"},{"taxonomy":"post_tag","embeddable":true,"href":"https:\/\/www.interaccionnoticias.com.mx\/index.php?rest_route=%2Fwp%2Fv2%2Ftags&post=44604"}],"curies":[{"name":"wp","href":"https:\/\/api.w.org\/{rel}","templated":true}]}}